{"id":311263,"date":"2021-11-26T10:58:21","date_gmt":"2021-11-26T14:58:21","guid":{"rendered":"http:\/\/diariodominicano.com\/?p=311263"},"modified":"2021-11-26T10:58:21","modified_gmt":"2021-11-26T14:58:21","slug":"aclamada-veterana-periodista-china-qu-duyi-fallece-a-los-100-anos","status":"publish","type":"post","link":"https:\/\/diariodominicano.com\/?p=311263","title":{"rendered":"Aclamada veterana periodista china Qu Duyi fallece a los 100 a\u00f1os"},"content":{"rendered":"\n<p>diariodominicano.com<a rel=\"noreferrer noopener\" href=\"https:\/\/www.xinhua-news.com\/gdsdetailxhs\/share\/10653318-?pageflag=iframe\" target=\"_blank\"><\/a><\/p>\n\n\n\n<pre id=\"text-news-description\" class=\"wp-block-preformatted\">   BEIJING, 26 nov (Xinhua) -- Qu Duyi, la \u00fanica periodista en recibir la Medalla 1 de Julio, el m\u00e1ximo honor del Partido Comunista de China (PCCh), falleci\u00f3 hoy viernes en Beijing a la edad de 100 a\u00f1os.\n   Qu era la hija de Qu Qiubai, uno de los primeros l\u00edderes del PCCh, y trabajaba en el departamento de noticias internacionales de la Agencia de Noticias Xinhua.<\/pre>\n\n\n\n<figure class=\"wp-block-image size-full\"><img loading=\"lazy\" decoding=\"async\" width=\"262\" height=\"160\" src=\"https:\/\/diariodominicano.com\/wp-content\/uploads\/2021\/11\/Journalist-China26-11-21-1.png\" alt=\"\" class=\"wp-image-311265\"\/><\/figure>\n","protected":false},"excerpt":{"rendered":"<p>diariodominicano.com BEIJING, 26 nov (Xinhua) &#8212; Qu Duyi, la \u00fanica periodista en recibir la Medalla 1 de Julio, el m\u00e1ximo honor del Partido Comunista de China (PCCh), falleci\u00f3 hoy viernes en Beijing a la edad de 100 a\u00f1os. Qu era la hija de Qu Qiubai, uno de los primeros l\u00edderes del PCCh, y trabajaba en [&hellip;]<\/p>\n","protected":false},"author":5,"featured_media":311264,"comment_status":"closed","ping_status":"","sticky":true,"template":"","format":"standard","meta":{"footnotes":""},"categories":[23,27],"tags":[],"class_list":["post-311263","post","type-post","status-publish","format-standard","has-post-thumbnail","hentry","category-internacional","category-portada"],"_links":{"self":[{"href":"https:\/\/diariodominicano.com\/index.php?rest_route=\/wp\/v2\/posts\/311263","targetHints":{"allow":["GET"]}}],"collection":[{"href":"https:\/\/diariodominicano.com\/index.php?rest_route=\/wp\/v2\/posts"}],"about":[{"href":"https:\/\/diariodominicano.com\/index.php?rest_route=\/wp\/v2\/types\/post"}],"author":[{"embeddable":true,"href":"https:\/\/diariodominicano.com\/index.php?rest_route=\/wp\/v2\/users\/5"}],"replies":[{"embeddable":true,"href":"https:\/\/diariodominicano.com\/index.php?rest_route=%2Fwp%2Fv2%2Fcomments&post=311263"}],"version-history":[{"count":1,"href":"https:\/\/diariodominicano.com\/index.php?rest_route=\/wp\/v2\/posts\/311263\/revisions"}],"predecessor-version":[{"id":311266,"href":"https:\/\/diariodominicano.com\/index.php?rest_route=\/wp\/v2\/posts\/311263\/revisions\/311266"}],"wp:featuredmedia":[{"embeddable":true,"href":"https:\/\/diariodominicano.com\/index.php?rest_route=\/wp\/v2\/media\/311264"}],"wp:attachment":[{"href":"https:\/\/diariodominicano.com\/index.php?rest_route=%2Fwp%2Fv2%2Fmedia&parent=311263"}],"wp:term":[{"taxonomy":"category","embeddable":true,"href":"https:\/\/diariodominicano.com\/index.php?rest_route=%2Fwp%2Fv2%2Fcategories&post=311263"},{"taxonomy":"post_tag","embeddable":true,"href":"https:\/\/diariodominicano.com\/index.php?rest_route=%2Fwp%2Fv2%2Ftags&post=311263"}],"curies":[{"name":"wp","href":"https:\/\/api.w.org\/{rel}","templated":true}]}}