{"id":311255,"date":"2021-11-26T10:44:13","date_gmt":"2021-11-26T14:44:13","guid":{"rendered":"http:\/\/diariodominicano.com\/?p=311255"},"modified":"2021-11-26T10:44:13","modified_gmt":"2021-11-26T14:44:13","slug":"medidas-de-fiscalizacion-y-prevencion-reduce-muertos-por-accidentes-de-motocicletas-en-azua","status":"publish","type":"post","link":"https:\/\/diariodominicano.com\/?p=311255","title":{"rendered":"Medidas de fiscalizaci\u00f3n y prevenci\u00f3n reduce muertos por accidentes de motocicletas en Azua"},"content":{"rendered":"\n<p>diariodominicano.com<\/p>\n\n\n\n<p>Santo Domingo, R. D.,  26 de noviembre, 2021.-  Las medidas de prevenci\u00f3n, fiscalizaci\u00f3n y seguridad vial que ejecuta la Direcci\u00f3n General de Seguridad de Tr\u00e1nsito y Transporte Terrestre\u00a0 (DIGESETT) han reducido los muertos y heridos por accidentes de tr\u00e1nsito en motocicleta en la provincia de Azua de Compostela.\u00a0<\/p>\n\n\n\n<p>Seg\u00fan los registros estad\u00edsticos de las autoridades, en el a\u00f1o 2019 fallecieron 46 personas por accidentes de tr\u00e1nsito de motocicletas, mientras que en el mismo rango de tiempo en el 2020 murieron 41 personas.<\/p>\n\n\n\n<p>En cambio, en el a\u00f1o 2021 a la misma fecha solo fallecieron en accidentes de tr\u00e1nsito de motocicletas 34 personas. Es decir, 12 personas menos que en el a\u00f1o 2019.&nbsp;&nbsp;<\/p>\n\n\n\n<p>La DIGESETT explica en un comunicado de prensa, que a esas personas se les logr\u00f3 salvar la vida por los controles de seguridad vial, operativos de fiscalizaci\u00f3n, controles en la velocidad por medio de los radares y otras medidas de los polic\u00edas de tr\u00e1nsito.&nbsp;<\/p>\n\n\n\n<p>En ese orden, el director de la DIGESETT,&nbsp; general de brigada Ram\u00f3n Antonio Guzm\u00e1n Peralta, PN., inform\u00f3 que esa entidad continuar\u00e1 con los operativos de seguridad vial en Azua, a fin de preservar la vida a sus residentes, a los viajeros y turistas que visitan esta provincia.<\/p>\n\n\n\n<p>Guzm\u00e1n Peralta explic\u00f3 que la DIGESETT tiene como meta preservar la vida a todos los conductores, especialmente a los que usan las motos como medio transporte, debido a que es un sector muy vulnerable en cuanto a la ocurrencia de accidentes.<\/p>\n\n\n\n<p>Dijo que DIGESETT concentra sus operativos en que los motoristas lleven su casco protector y conduzcan a una velocidad prudente, a fin de preservar la vida del conductor y su acompa\u00f1ante.&nbsp;<\/p>\n\n\n\n<p>El director de la DIGESETT visit\u00f3 la provincia y est\u00e1 dando seguimiento personalmente a todas las acciones que ejecutan los miembros de esta entidad para proteger los mun\u00edcipes de Azua.<\/p>\n\n\n\n<p>Desde su llegada al cargo orden\u00f3 un levantamiento sobre el n\u00famero de accidentes y los lugares m\u00e1s vulnerables a la ocurrencia de accidentes, para tomar medidas efectivas en la preservaci\u00f3n de la vida de las personas.<\/p>\n\n\n\n<p>RV\/mr.<\/p>\n\n\n\n<p>Fuente:  <strong>DEPARTAMENTO DE COMUNICACIONES DIGESETT<\/strong><\/p>\n","protected":false},"excerpt":{"rendered":"<p>diariodominicano.com Santo Domingo, R. D., 26 de noviembre, 2021.- Las medidas de prevenci\u00f3n, fiscalizaci\u00f3n y seguridad vial que ejecuta la Direcci\u00f3n General de Seguridad de Tr\u00e1nsito y Transporte Terrestre\u00a0 (DIGESETT) han reducido los muertos y heridos por accidentes de tr\u00e1nsito en motocicleta en la provincia de Azua de Compostela.\u00a0 Seg\u00fan los registros estad\u00edsticos de las [&hellip;]<\/p>\n","protected":false},"author":5,"featured_media":311256,"comment_status":"closed","ping_status":"","sticky":true,"template":"","format":"standard","meta":{"footnotes":""},"categories":[20,27],"tags":[],"class_list":["post-311255","post","type-post","status-publish","format-standard","has-post-thumbnail","hentry","category-dominicana-hoy","category-portada"],"_links":{"self":[{"href":"https:\/\/diariodominicano.com\/index.php?rest_route=\/wp\/v2\/posts\/311255","targetHints":{"allow":["GET"]}}],"collection":[{"href":"https:\/\/diariodominicano.com\/index.php?rest_route=\/wp\/v2\/posts"}],"about":[{"href":"https:\/\/diariodominicano.com\/index.php?rest_route=\/wp\/v2\/types\/post"}],"author":[{"embeddable":true,"href":"https:\/\/diariodominicano.com\/index.php?rest_route=\/wp\/v2\/users\/5"}],"replies":[{"embeddable":true,"href":"https:\/\/diariodominicano.com\/index.php?rest_route=%2Fwp%2Fv2%2Fcomments&post=311255"}],"version-history":[{"count":1,"href":"https:\/\/diariodominicano.com\/index.php?rest_route=\/wp\/v2\/posts\/311255\/revisions"}],"predecessor-version":[{"id":311257,"href":"https:\/\/diariodominicano.com\/index.php?rest_route=\/wp\/v2\/posts\/311255\/revisions\/311257"}],"wp:featuredmedia":[{"embeddable":true,"href":"https:\/\/diariodominicano.com\/index.php?rest_route=\/wp\/v2\/media\/311256"}],"wp:attachment":[{"href":"https:\/\/diariodominicano.com\/index.php?rest_route=%2Fwp%2Fv2%2Fmedia&parent=311255"}],"wp:term":[{"taxonomy":"category","embeddable":true,"href":"https:\/\/diariodominicano.com\/index.php?rest_route=%2Fwp%2Fv2%2Fcategories&post=311255"},{"taxonomy":"post_tag","embeddable":true,"href":"https:\/\/diariodominicano.com\/index.php?rest_route=%2Fwp%2Fv2%2Ftags&post=311255"}],"curies":[{"name":"wp","href":"https:\/\/api.w.org\/{rel}","templated":true}]}}