{"id":311253,"date":"2021-11-26T10:37:00","date_gmt":"2021-11-26T14:37:00","guid":{"rendered":"http:\/\/diariodominicano.com\/?p=311253"},"modified":"2021-11-26T10:44:47","modified_gmt":"2021-11-26T14:44:47","slug":"jovenes-de-zonas-afectadas-por-pobreza-en-ee-uu-tienen-mas-probabilidades-de-morir-por-armas-de-fuego-segun-estudio","status":"publish","type":"post","link":"https:\/\/diariodominicano.com\/?p=311253","title":{"rendered":"J\u00f3venes de zonas afectadas por pobreza en EE. UU. tienen m\u00e1s probabilidades de morir por armas de fuego, seg\u00fan estudio"},"content":{"rendered":"\n<p>diariodominicano.com<a rel=\"noreferrer noopener\" href=\"https:\/\/www.xinhua-news.com\/gdsdetailxhs\/share\/10653057-?pageflag=iframe\" target=\"_blank\"><\/a><\/p>\n\n\n\n<pre id=\"text-news-description\" class=\"wp-block-preformatted\">   WASHINGTON, 26 nov (Xinhua) -- Un estudio reciente de la revista m\u00e9dica \"JAMA Pediatrics\" descubri\u00f3 que los j\u00f3venes estadounidenses que viven en \u00e1reas de alta pobreza tienen m\u00e1s probabilidades de morir a causa de la violencia con armas de fuego que sus pares que viven en zonas m\u00e1s pr\u00f3speras.\n   Tras analizar datos de 2006 a 2017, el estudio, citado por un art\u00edculo publicado el martes en la p\u00e1gina web del medio \"U.S. News &amp; World Report\", encontr\u00f3 que el 62 por ciento de las muertes relacionadas con armas de fuego ocurrieron en condados donde el porcentaje de residentes que viv\u00edan por debajo del nivel federal de pobreza era del 15 por ciento o superior.\n   Seg\u00fan el estudio, durante ese per\u00edodo, m\u00e1s de 67.000 j\u00f3venes de entre cinco y 24 a\u00f1os fallecieron debido a la violencia con armas de fuego, y la tasa anual de muertes totales relacionadas con armas de fuego entre los j\u00f3venes aument\u00f3 de 8,5 por cada 100.000 residentes en 2007 a 9,2 por 100.000 en 2016.\n   El autor principal del estudio, Jefferson Barrett, expres\u00f3 su esperanza de que los hallazgos fomenten nuevos enfoques para abordar la violencia armada entre los j\u00f3venes que se centren en aliviar los problemas socioecon\u00f3micos que los ponen en mayor riesgo.\n   \"La esperanza es que los pediatras, los m\u00e9dicos de salud p\u00fablica y los defensores puedan utilizar estos hallazgos para abogar por el cambio\", dijo Barrett, citado por el art\u00edculo.<\/pre>\n","protected":false},"excerpt":{"rendered":"<p>diariodominicano.com WASHINGTON, 26 nov (Xinhua) &#8212; Un estudio reciente de la revista m\u00e9dica \u00abJAMA Pediatrics\u00bb descubri\u00f3 que los j\u00f3venes estadounidenses que viven en \u00e1reas de alta pobreza tienen m\u00e1s probabilidades de morir a causa de la violencia con armas de fuego que sus pares que viven en zonas m\u00e1s pr\u00f3speras. Tras analizar datos de 2006 [&hellip;]<\/p>\n","protected":false},"author":5,"featured_media":311259,"comment_status":"closed","ping_status":"","sticky":true,"template":"","format":"standard","meta":{"footnotes":""},"categories":[23,27],"tags":[],"class_list":["post-311253","post","type-post","status-publish","format-standard","has-post-thumbnail","hentry","category-internacional","category-portada"],"_links":{"self":[{"href":"https:\/\/diariodominicano.com\/index.php?rest_route=\/wp\/v2\/posts\/311253","targetHints":{"allow":["GET"]}}],"collection":[{"href":"https:\/\/diariodominicano.com\/index.php?rest_route=\/wp\/v2\/posts"}],"about":[{"href":"https:\/\/diariodominicano.com\/index.php?rest_route=\/wp\/v2\/types\/post"}],"author":[{"embeddable":true,"href":"https:\/\/diariodominicano.com\/index.php?rest_route=\/wp\/v2\/users\/5"}],"replies":[{"embeddable":true,"href":"https:\/\/diariodominicano.com\/index.php?rest_route=%2Fwp%2Fv2%2Fcomments&post=311253"}],"version-history":[{"count":1,"href":"https:\/\/diariodominicano.com\/index.php?rest_route=\/wp\/v2\/posts\/311253\/revisions"}],"predecessor-version":[{"id":311254,"href":"https:\/\/diariodominicano.com\/index.php?rest_route=\/wp\/v2\/posts\/311253\/revisions\/311254"}],"wp:featuredmedia":[{"embeddable":true,"href":"https:\/\/diariodominicano.com\/index.php?rest_route=\/wp\/v2\/media\/311259"}],"wp:attachment":[{"href":"https:\/\/diariodominicano.com\/index.php?rest_route=%2Fwp%2Fv2%2Fmedia&parent=311253"}],"wp:term":[{"taxonomy":"category","embeddable":true,"href":"https:\/\/diariodominicano.com\/index.php?rest_route=%2Fwp%2Fv2%2Fcategories&post=311253"},{"taxonomy":"post_tag","embeddable":true,"href":"https:\/\/diariodominicano.com\/index.php?rest_route=%2Fwp%2Fv2%2Ftags&post=311253"}],"curies":[{"name":"wp","href":"https:\/\/api.w.org\/{rel}","templated":true}]}}