{"id":311156,"date":"2021-11-25T21:08:38","date_gmt":"2021-11-26T01:08:38","guid":{"rendered":"http:\/\/diariodominicano.com\/?p=311156"},"modified":"2021-11-26T00:05:33","modified_gmt":"2021-11-26T04:05:33","slug":"presidente-abinader-agotara-amplia-agenda-este-viernes-en-punta-cana-y-el-seibo","status":"publish","type":"post","link":"https:\/\/diariodominicano.com\/?p=311156","title":{"rendered":"Presidente Abinader agotar\u00e1 agenda este viernes en Punta Cana y El Seibo"},"content":{"rendered":"\n<p>diariodominicano.com<\/p>\n\n\n\n<p><strong>Santo Domingo, R. D.,  25 de noviembre, 2021.<\/strong>&#8211; El presidente Luis Abinader desarrollar\u00e1 una amplia agenda este viernes en la regi\u00f3n este del pa\u00eds, donde sostendr\u00e1 encuentros con el sector empresarial, agropecuario, dar\u00e1 picazos a nuevas obras y participar\u00e1 en una cena de gala en la Asamblea General de Municipios.<\/p>\n\n\n\n<p>Los lugares a visitar este viernes por el jefe de Estado son: Punta Cana y El Seibo.<\/p>\n\n\n\n<p>Las actividades del mandatario iniciar\u00e1n a las 10 de la ma\u00f1ana en Punta Cana, donde participar\u00e1 en el foro empresarial \u00abConstruyendo la Transparencia del Desarrollo Regional\u201d, en el Hotel Grand Hyatt.<\/p>\n\n\n\n<p>Luego, el presidente Abinader se trasladar\u00e1 a El Seibo, donde iniciar\u00e1 su agenda a la 1:00 de la tarde con la inauguraci\u00f3n de un centro de diagn\u00f3stico. M\u00e1s adelante, el gobernante dar\u00e1 el primer palazo para la construcci\u00f3n de viviendas en el sector Villa Guerrero.<\/p>\n\n\n\n<p>Tambi\u00e9n, el jefe de Estado sostendr\u00e1 un almuerzo con la direcci\u00f3n pol\u00edtica de la provincia en el Club Dicayagua del municipio de El Seibo.<\/p>\n\n\n\n<p>Al culminar el almuerzo, el presidente Abinader tendr\u00e1 una reuni\u00f3n con el Consejo de Desarrollo, Hermandad de Fervorosos y Sector Agropecuario de la provincia El Seibo en el ayuntamiento.<\/p>\n\n\n\n<p>Terminando esta reuni\u00f3n, el presidente visitar\u00e1 la Plaza de Toros junto con el dirigente y exsenador Marcial Valera.<\/p>\n\n\n\n<p>A la 6 de la tarde, el primer mandatario retornar\u00e1 a Punta Cana donde encabezar\u00e1 la XXV Reuni\u00f3n Extraordinaria, Foro de Presidentes&nbsp;de Poderes Legislativos de Centroam\u00e9rica y el Caribe. La actividad se llevar\u00e1 a cabo en el Hotel Breathlees.<\/p>\n\n\n\n<p>Para finalizar su agenda por la regi\u00f3n este del pa\u00eds, el presidente Abinader participar\u00e1 en la cena de gala de la Asamblea General de Municipios, en el Hotel Ocean Alfaro.<\/p>\n\n\n\n<p>Fuente: Direcci\u00f3n de Estrategia y Comunicaci\u00f3n Gubernamental<\/p>\n\n\n\n<p>Ministerio Administrativo de la Presidencia de la Rep\u00fablica Dominicana<\/p>\n","protected":false},"excerpt":{"rendered":"<p>diariodominicano.com Santo Domingo, R. D., 25 de noviembre, 2021.&#8211; El presidente Luis Abinader desarrollar\u00e1 una amplia agenda este viernes en la regi\u00f3n este del pa\u00eds, donde sostendr\u00e1 encuentros con el sector empresarial, agropecuario, dar\u00e1 picazos a nuevas obras y participar\u00e1 en una cena de gala en la Asamblea General de Municipios. Los lugares a visitar [&hellip;]<\/p>\n","protected":false},"author":5,"featured_media":311158,"comment_status":"closed","ping_status":"","sticky":true,"template":"","format":"standard","meta":{"footnotes":""},"categories":[20,27],"tags":[],"class_list":["post-311156","post","type-post","status-publish","format-standard","has-post-thumbnail","hentry","category-dominicana-hoy","category-portada"],"_links":{"self":[{"href":"https:\/\/diariodominicano.com\/index.php?rest_route=\/wp\/v2\/posts\/311156","targetHints":{"allow":["GET"]}}],"collection":[{"href":"https:\/\/diariodominicano.com\/index.php?rest_route=\/wp\/v2\/posts"}],"about":[{"href":"https:\/\/diariodominicano.com\/index.php?rest_route=\/wp\/v2\/types\/post"}],"author":[{"embeddable":true,"href":"https:\/\/diariodominicano.com\/index.php?rest_route=\/wp\/v2\/users\/5"}],"replies":[{"embeddable":true,"href":"https:\/\/diariodominicano.com\/index.php?rest_route=%2Fwp%2Fv2%2Fcomments&post=311156"}],"version-history":[{"count":2,"href":"https:\/\/diariodominicano.com\/index.php?rest_route=\/wp\/v2\/posts\/311156\/revisions"}],"predecessor-version":[{"id":311220,"href":"https:\/\/diariodominicano.com\/index.php?rest_route=\/wp\/v2\/posts\/311156\/revisions\/311220"}],"wp:featuredmedia":[{"embeddable":true,"href":"https:\/\/diariodominicano.com\/index.php?rest_route=\/wp\/v2\/media\/311158"}],"wp:attachment":[{"href":"https:\/\/diariodominicano.com\/index.php?rest_route=%2Fwp%2Fv2%2Fmedia&parent=311156"}],"wp:term":[{"taxonomy":"category","embeddable":true,"href":"https:\/\/diariodominicano.com\/index.php?rest_route=%2Fwp%2Fv2%2Fcategories&post=311156"},{"taxonomy":"post_tag","embeddable":true,"href":"https:\/\/diariodominicano.com\/index.php?rest_route=%2Fwp%2Fv2%2Ftags&post=311156"}],"curies":[{"name":"wp","href":"https:\/\/api.w.org\/{rel}","templated":true}]}}