{"id":311151,"date":"2021-11-25T21:04:50","date_gmt":"2021-11-26T01:04:50","guid":{"rendered":"http:\/\/diariodominicano.com\/?p=311151"},"modified":"2021-11-25T21:04:50","modified_gmt":"2021-11-26T01:04:50","slug":"miles-de-residentes-de-california-se-quedan-sin-energia-electrica-en-dia-de-accion-de-gracias","status":"publish","type":"post","link":"https:\/\/diariodominicano.com\/?p=311151","title":{"rendered":"Miles de residentes de California se quedan sin energ\u00eda el\u00e9ctrica en D\u00eda de Acci\u00f3n de Gracias"},"content":{"rendered":"\n<p>diariodominicano.com<a rel=\"noreferrer noopener\" href=\"https:\/\/www.xinhua-news.com\/gdsdetailxhs\/share\/10649347-?pageflag=iframe\" target=\"_blank\"><\/a><\/p>\n\n\n\n<pre id=\"text-news-description\" class=\"wp-block-preformatted\">   LOS \u00c1NGELES, 25 nov (Xinhua) -- Decenas de miles de clientes de la red el\u00e9ctrica del sur de California se quedaron sin energ\u00eda hoy y m\u00e1s de 156.000 enfrentan la misma posibilidad durante el feriado del D\u00eda de Acci\u00f3n de Gracias.\n   Southern California Edison (SCE), la principal compa\u00f1\u00eda de suministro el\u00e9ctrico para 15 millones de residentes del sur de California, dijo esta ma\u00f1ana que a las 11:00 hora local suspendi\u00f3 la energ\u00eda el\u00e9ctrica a m\u00e1s de 63.000 clientes como medida preventiva ante potenciales incendios forestales.\n   \"Los apagones por seguridad p\u00fablica ocurren e intentaremos restablecer la energ\u00eda para los clientes en cuanto sea seguro hacerlo despu\u00e9s que termine el evento meteorol\u00f3gico y luego de que los equipos inspeccionen las l\u00edneas y determinen que es seguro volver a activarlas\", tuite\u00f3 la compa\u00f1\u00eda.\n   Advertencias de alerta roja se publicaron esta ma\u00f1ana y se espera que se mantengan vigentes gran parte del viernes debido a que los peligrosos vientos de Santa Ana cubrir\u00e1n la regi\u00f3n del sur de California este fin de semana trayendo fuertes r\u00e1fagas y una humedad relativa muy baja, indic\u00f3 el Servicio Meteorol\u00f3gico Nacional.\n   Los vientos de Santa Ana, tambi\u00e9n llamados \"vientos del diablo\", son vientos fuertes, extremadamente secos que bajan por las laderas, se originan tierra adentro y afectan la costa del sur de California, creando condiciones meteorol\u00f3gicas cr\u00edticas favorables a los incendios.\n   San Diego Gas &amp; Electric tambi\u00e9n dijo hoy que est\u00e1 analizando la posibilidad de dejar sin electricidad a m\u00e1s de 53.000 clientes.\n   El corte en el servicio el\u00e9ctrico por parte de las compa\u00f1\u00edas el\u00e9ctricas caus\u00f3 enojo entre los clientes locales.\n   \"\u00a1Regresen la energ\u00eda en Yorba Linda en el D\u00eda de Acci\u00f3n de Gracias! Esto es inaceptable, es perfectamente seguro, tienen que arreglar sus medidas de protecci\u00f3n en lugar de recurrir a tales acciones cuestionables. Por favor, \u00a1soluci\u00f3nenlo de inmediato!\", respondi\u00f3 esta ma\u00f1ana un usuario de Twitter a SCE. <\/pre>\n","protected":false},"excerpt":{"rendered":"<p>diariodominicano.com LOS \u00c1NGELES, 25 nov (Xinhua) &#8212; Decenas de miles de clientes de la red el\u00e9ctrica del sur de California se quedaron sin energ\u00eda hoy y m\u00e1s de 156.000 enfrentan la misma posibilidad durante el feriado del D\u00eda de Acci\u00f3n de Gracias. Southern California Edison (SCE), la principal compa\u00f1\u00eda de suministro el\u00e9ctrico para 15 millones [&hellip;]<\/p>\n","protected":false},"author":5,"featured_media":311154,"comment_status":"closed","ping_status":"","sticky":true,"template":"","format":"standard","meta":{"footnotes":""},"categories":[23,27],"tags":[],"class_list":["post-311151","post","type-post","status-publish","format-standard","has-post-thumbnail","hentry","category-internacional","category-portada"],"_links":{"self":[{"href":"https:\/\/diariodominicano.com\/index.php?rest_route=\/wp\/v2\/posts\/311151","targetHints":{"allow":["GET"]}}],"collection":[{"href":"https:\/\/diariodominicano.com\/index.php?rest_route=\/wp\/v2\/posts"}],"about":[{"href":"https:\/\/diariodominicano.com\/index.php?rest_route=\/wp\/v2\/types\/post"}],"author":[{"embeddable":true,"href":"https:\/\/diariodominicano.com\/index.php?rest_route=\/wp\/v2\/users\/5"}],"replies":[{"embeddable":true,"href":"https:\/\/diariodominicano.com\/index.php?rest_route=%2Fwp%2Fv2%2Fcomments&post=311151"}],"version-history":[{"count":1,"href":"https:\/\/diariodominicano.com\/index.php?rest_route=\/wp\/v2\/posts\/311151\/revisions"}],"predecessor-version":[{"id":311155,"href":"https:\/\/diariodominicano.com\/index.php?rest_route=\/wp\/v2\/posts\/311151\/revisions\/311155"}],"wp:featuredmedia":[{"embeddable":true,"href":"https:\/\/diariodominicano.com\/index.php?rest_route=\/wp\/v2\/media\/311154"}],"wp:attachment":[{"href":"https:\/\/diariodominicano.com\/index.php?rest_route=%2Fwp%2Fv2%2Fmedia&parent=311151"}],"wp:term":[{"taxonomy":"category","embeddable":true,"href":"https:\/\/diariodominicano.com\/index.php?rest_route=%2Fwp%2Fv2%2Fcategories&post=311151"},{"taxonomy":"post_tag","embeddable":true,"href":"https:\/\/diariodominicano.com\/index.php?rest_route=%2Fwp%2Fv2%2Ftags&post=311151"}],"curies":[{"name":"wp","href":"https:\/\/api.w.org\/{rel}","templated":true}]}}