{"id":311122,"date":"2021-11-25T20:36:57","date_gmt":"2021-11-26T00:36:57","guid":{"rendered":"http:\/\/diariodominicano.com\/?p=311122"},"modified":"2021-11-25T20:36:57","modified_gmt":"2021-11-26T00:36:57","slug":"salud-publica-recibe-apoyo-economico-de-aecid-para-fortalecer-respuesta-a-mujeres-victimas-de-violencia","status":"publish","type":"post","link":"https:\/\/diariodominicano.com\/?p=311122","title":{"rendered":"Salud P\u00fablica recibe apoyo econ\u00f3mico de AECID para fortalecer respuesta a mujeres v\u00edctimas de violencia"},"content":{"rendered":"\n<p>diariodominicano.com<\/p>\n\n\n\n<p>Santo Domingo, R. D.,  25 de noviembre, 2021.\u2013 Con el objetivo de contribuir a garantizar el derecho a una vida libre de agresi\u00f3n, firmaron este jueves un acuerdo de recepci\u00f3n de fondos para el proyecto \u201cFortalecer la respuesta del sistema nacional de salud a mujeres, ni\u00f1as y adolescentes v\u00edctimas de violencia de g\u00e9nero\u201d.<\/p>\n\n\n\n<p>El convenio fue suscrito por los Ministerios de Salud P\u00fablica (MSP), de Econom\u00eda, Planificaci\u00f3n y Desarrollo (MEPyD) y la Agencia Espa\u00f1ola de Cooperaci\u00f3n Internacional para el Desarrollo (AECID).<\/p>\n\n\n\n<p>Para ello, la AECID desembolsar\u00e1 150 mil euros, destinados a favor de la defensa de la mujer a trav\u00e9s de los programas que desarrollan los Ministerios de Salud P\u00fablica y Ministerio de Econom\u00eda, como entes representativos.<\/p>\n\n\n\n<p>El titular de Salud inform\u00f3 que el proyecto tiene como prop\u00f3sito apoyar las pol\u00edticas contra la violencia hacia mujeres, ni\u00f1as y adolescentes en el pa\u00eds, y est\u00e1 dentro de los lineamientos del Gobierno que encabeza el presidente Luis Abinader, en materia de g\u00e9nero y salud contenidas en el \u201cPlan Estrat\u00e9gico para una vida libre de violencia para las mujeres\u201d, que fue lanzado en noviembre del pasado a\u00f1o.<\/p>\n\n\n\n<p>Sostuvo que la propuesta est\u00e1 compuesta por una pol\u00edtica orientada en producir cambios en las normas estructurales y sociales mediante un sistema integral garante de los derechos de las mujeres y de la construcci\u00f3n de una cultura de paz, respeto y convivencia armoniosa de hombres y mujeres.<\/p>\n\n\n\n<p>\u201cContamos con el mecanismo de coordinaci\u00f3n para participar en otros espacios y dar respuesta nacional junto al Ministerio de la Mujer, el Servicio Nacional de Salud, la Polic\u00eda Nacional, la Procuradur\u00eda General de la Rep\u00fablica, el Consejo Nacional para la Ni\u00f1ez y la Adolescencia, la Oficina Nacional de Estad\u00edsticas y el Sistema de Emergencia 911 y el apoyo de Profamilia, entre otros. Esperemos que con el trabajo en conjunto se pueda intervenir y frenar el maltrato a la mujer\u201d, expres\u00f3 Rivera.<\/p>\n\n\n\n<p>De su lado, el ministro de Econom\u00eda, Planificaci\u00f3n y Desarrollo, Miguel Ceara Hatton, se mostr\u00f3 honrado y complacido por el acto de firma de recepci\u00f3n de fondos de parte de la (AECID), que viene a fortalecer el sistema de Salud de la Rep\u00fablica Dominicana para enfrentar la violencia de G\u00e9nero.<\/p>\n\n\n\n<p>\u201cLos feminicidios son unos de los grandes problemas de salud, al tiempo que resalt\u00f3 que la sociedad tiene un desaf\u00edo de superar el autoritarismo y entender la democracia como una forma de \u201creorganizarnos para vivir muchos mejor\u201d.<\/p>\n\n\n\n<p>En tanto, Ant\u00f3n Leis Garc\u00eda, de la Agencia Espa\u00f1ola de Cooperaci\u00f3n Internacional para el Desarrollo (AECID), se\u00f1al\u00f3 que trabajar en conjunto con los ministerios es como \u201clograremos combatir la violencia en contra la mujer y promover la igualdad\u201d.<\/p>\n\n\n\n<p>Fuente: Direcci\u00f3n de Estrategia y Comunicaci\u00f3n Gubernamental<\/p>\n\n\n\n<p>Ministerio Administrativo de la Presidencia de la Rep\u00fablica Dominicana<\/p>\n","protected":false},"excerpt":{"rendered":"<p>diariodominicano.com Santo Domingo, R. D., 25 de noviembre, 2021.\u2013 Con el objetivo de contribuir a garantizar el derecho a una vida libre de agresi\u00f3n, firmaron este jueves un acuerdo de recepci\u00f3n de fondos para el proyecto \u201cFortalecer la respuesta del sistema nacional de salud a mujeres, ni\u00f1as y adolescentes v\u00edctimas de violencia de g\u00e9nero\u201d. El [&hellip;]<\/p>\n","protected":false},"author":5,"featured_media":311128,"comment_status":"closed","ping_status":"","sticky":true,"template":"","format":"standard","meta":{"footnotes":""},"categories":[20,27],"tags":[],"class_list":["post-311122","post","type-post","status-publish","format-standard","has-post-thumbnail","hentry","category-dominicana-hoy","category-portada"],"_links":{"self":[{"href":"https:\/\/diariodominicano.com\/index.php?rest_route=\/wp\/v2\/posts\/311122","targetHints":{"allow":["GET"]}}],"collection":[{"href":"https:\/\/diariodominicano.com\/index.php?rest_route=\/wp\/v2\/posts"}],"about":[{"href":"https:\/\/diariodominicano.com\/index.php?rest_route=\/wp\/v2\/types\/post"}],"author":[{"embeddable":true,"href":"https:\/\/diariodominicano.com\/index.php?rest_route=\/wp\/v2\/users\/5"}],"replies":[{"embeddable":true,"href":"https:\/\/diariodominicano.com\/index.php?rest_route=%2Fwp%2Fv2%2Fcomments&post=311122"}],"version-history":[{"count":1,"href":"https:\/\/diariodominicano.com\/index.php?rest_route=\/wp\/v2\/posts\/311122\/revisions"}],"predecessor-version":[{"id":311129,"href":"https:\/\/diariodominicano.com\/index.php?rest_route=\/wp\/v2\/posts\/311122\/revisions\/311129"}],"wp:featuredmedia":[{"embeddable":true,"href":"https:\/\/diariodominicano.com\/index.php?rest_route=\/wp\/v2\/media\/311128"}],"wp:attachment":[{"href":"https:\/\/diariodominicano.com\/index.php?rest_route=%2Fwp%2Fv2%2Fmedia&parent=311122"}],"wp:term":[{"taxonomy":"category","embeddable":true,"href":"https:\/\/diariodominicano.com\/index.php?rest_route=%2Fwp%2Fv2%2Fcategories&post=311122"},{"taxonomy":"post_tag","embeddable":true,"href":"https:\/\/diariodominicano.com\/index.php?rest_route=%2Fwp%2Fv2%2Ftags&post=311122"}],"curies":[{"name":"wp","href":"https:\/\/api.w.org\/{rel}","templated":true}]}}