{"id":311110,"date":"2021-11-25T19:51:36","date_gmt":"2021-11-25T23:51:36","guid":{"rendered":"http:\/\/diariodominicano.com\/?p=311110"},"modified":"2021-11-25T19:51:36","modified_gmt":"2021-11-25T23:51:36","slug":"presidente-luis-abinader-anuncia-acciones-en-favor-de-los-motoconchistas","status":"publish","type":"post","link":"https:\/\/diariodominicano.com\/?p=311110","title":{"rendered":"Presidente Luis Abinader anuncia acciones en favor de los motoconchistas"},"content":{"rendered":"\n<p>diariodominicano.com<\/p>\n\n\n\n<p>Santo Domingo, R. D., 25 de noviembre, 2021.-\u00a0El presidente Luis Abinader comunic\u00f3 que el Gobierno buscar\u00e1 aplicar acciones para mejorar la calidad de vida de los motoconchistas, que incluyen su incorporaci\u00f3n a planes de viviendas y al seguro m\u00e9dico de SENASA.<\/p>\n\n\n\n<p>Durante un encuentro en el Palacio Nacional con representantes del sector moto-taxis de diferentes localidades del pa\u00eds, Abinader dijo que se busca organizar y dotar de protecci\u00f3n a los trabajadores del motoconcho.<\/p>\n\n\n\n<p>Dijo que los motoconchistas ser\u00e1n incluidos en los programas de viviendas y se les entregar\u00e1 el seguro m\u00e9dico del Seguro Nacional de Salud.<\/p>\n\n\n\n<p>El mandatario los inst\u00f3 a conformar&nbsp;cooperativas y a organizarse como sector, significando&nbsp;que tendr\u00e1n todo el apoyo de las autoridades.<\/p>\n\n\n\n<p>\u00abLes reitero mi compromiso de organizar el sector y mejorar la calidad de vida de cada uno de ustedes\u00bb, expres\u00f3 el presidente Abinader durante el encuentro realizado en el sal\u00f3n Las Cari\u00e1tides.<\/p>\n\n\n\n<p>Tambi\u00e9n el sector de moto-taxis estar\u00e1 involucrado en las reformas de Seguridad Ciudadana para proteger a sus miembros. Los dirigentes del transporte en motocicleta agradecieron al presidente Luis Abinader por el apoyo que ha venido dando a ese sector y por incluirlos en los programas sociales del gobierno.<\/p>\n\n\n\n<p>En la actividad participaron Marcia Margarita Rodr\u00edguez, directora de la regi\u00f3n Ozama del Instituto Nacional de Tr\u00e1nsito y Transporte Terrestre (Intrant); Roberto Evangelista, presidente de la Federaci\u00f3n La Nueva Esperanza; Israel Vladimir Santana, presidente de ASOMODINA y Esteban Valdez, presidente de ASOMODE.<\/p>\n\n\n\n<p>Adem\u00e1s, Rafael Arias, director ejecutivo del INTRANT; Ney Garc\u00eda, viceministro de Vivienda, H\u00e1bitat y Edificaciones; Eduardo Alberto Then, director general de la Polic\u00eda Nacional; Ram\u00f3n Antonio Guzm\u00e1n Peralta, director general de Seguridad de Tr\u00e1nsito y Transporte Terrestre (DIGESETT); Santiago Hazim, director ejecutivo del Seguro Nacional de Salud (SENASA); Raymond Familia, subdirector de Pro industria y Obispo Jim\u00e9nez Montero, t\u00e9cnico de estudio de Inspecciones Viales en el \u00e1rea de motocicletas del INTRANT.<\/p>\n\n\n\n<p>Fuente: Direcci\u00f3n de Estrategia y Comunicaci\u00f3n Gubernamental<\/p>\n\n\n\n<p>Ministerio Administrativo de la Presidencia de la Rep\u00fablica Dominicana<\/p>\n","protected":false},"excerpt":{"rendered":"<p>diariodominicano.com Santo Domingo, R. D., 25 de noviembre, 2021.-\u00a0El presidente Luis Abinader comunic\u00f3 que el Gobierno buscar\u00e1 aplicar acciones para mejorar la calidad de vida de los motoconchistas, que incluyen su incorporaci\u00f3n a planes de viviendas y al seguro m\u00e9dico de SENASA. Durante un encuentro en el Palacio Nacional con representantes del sector moto-taxis de [&hellip;]<\/p>\n","protected":false},"author":5,"featured_media":311111,"comment_status":"closed","ping_status":"","sticky":true,"template":"","format":"standard","meta":{"footnotes":""},"categories":[20,27],"tags":[],"class_list":["post-311110","post","type-post","status-publish","format-standard","has-post-thumbnail","hentry","category-dominicana-hoy","category-portada"],"_links":{"self":[{"href":"https:\/\/diariodominicano.com\/index.php?rest_route=\/wp\/v2\/posts\/311110","targetHints":{"allow":["GET"]}}],"collection":[{"href":"https:\/\/diariodominicano.com\/index.php?rest_route=\/wp\/v2\/posts"}],"about":[{"href":"https:\/\/diariodominicano.com\/index.php?rest_route=\/wp\/v2\/types\/post"}],"author":[{"embeddable":true,"href":"https:\/\/diariodominicano.com\/index.php?rest_route=\/wp\/v2\/users\/5"}],"replies":[{"embeddable":true,"href":"https:\/\/diariodominicano.com\/index.php?rest_route=%2Fwp%2Fv2%2Fcomments&post=311110"}],"version-history":[{"count":1,"href":"https:\/\/diariodominicano.com\/index.php?rest_route=\/wp\/v2\/posts\/311110\/revisions"}],"predecessor-version":[{"id":311112,"href":"https:\/\/diariodominicano.com\/index.php?rest_route=\/wp\/v2\/posts\/311110\/revisions\/311112"}],"wp:featuredmedia":[{"embeddable":true,"href":"https:\/\/diariodominicano.com\/index.php?rest_route=\/wp\/v2\/media\/311111"}],"wp:attachment":[{"href":"https:\/\/diariodominicano.com\/index.php?rest_route=%2Fwp%2Fv2%2Fmedia&parent=311110"}],"wp:term":[{"taxonomy":"category","embeddable":true,"href":"https:\/\/diariodominicano.com\/index.php?rest_route=%2Fwp%2Fv2%2Fcategories&post=311110"},{"taxonomy":"post_tag","embeddable":true,"href":"https:\/\/diariodominicano.com\/index.php?rest_route=%2Fwp%2Fv2%2Ftags&post=311110"}],"curies":[{"name":"wp","href":"https:\/\/api.w.org\/{rel}","templated":true}]}}