{"id":311107,"date":"2021-11-25T19:46:49","date_gmt":"2021-11-25T23:46:49","guid":{"rendered":"http:\/\/diariodominicano.com\/?p=311107"},"modified":"2021-11-25T19:46:49","modified_gmt":"2021-11-25T23:46:49","slug":"inauguran-parque-fotovoltaico-en-norte-de-chile","status":"publish","type":"post","link":"https:\/\/diariodominicano.com\/?p=311107","title":{"rendered":"Inauguran parque fotovoltaico en norte de Chile"},"content":{"rendered":"\n<h3 class=\"wp-block-heading\">diariodominicano.com<a rel=\"noreferrer noopener\" href=\"https:\/\/www.xinhua-news.com\/gdsdetailxhs\/share\/10649231-?pageflag=iframe\" target=\"_blank\"><\/a><\/h3>\n\n\n\n<pre id=\"text-news-description\" class=\"wp-block-preformatted\">   SANTIAGO, 25 nov (Xinhua) -- Chile inaugur\u00f3 el Parque Fotovoltaico La Huella en el norte del pa\u00eds, el cual abastecer\u00e1 con energ\u00eda limpia, sustentable y econ\u00f3mica a m\u00e1s de 90.000 hogares de la zona centro-norte, inform\u00f3 hoy jueves el Ministerio de Energ\u00eda.\n   El complejo que se levanta en la comuna de La Higuera, en la regi\u00f3n de Coquimbo, fue construido en una superficie de 140 hect\u00e1reas y cuenta con una capacidad instalada de 87 megavatios-pico.\n   \"En Chile nos fijamos la meta de ser carbono neutrales al 2050\", se\u00f1al\u00f3 el subsecretario de Energ\u00eda, Francisco L\u00f3pez, en un comunicado.\n   \"Para lograrlo, la incorporaci\u00f3n de energ\u00edas renovables es fundamental y proyectos como el Parque Fotovoltaico La Huella nos permitir\u00e1n alcanzar una capacidad instalada de al menos el 80 por ciento en energ\u00eda renovable al 2030\", explic\u00f3.\n   En tanto, el ministro de Bienes Nacionales, Julio Isamit, destac\u00f3 que el Parque Fotovoltaico La Huella demuestra que se les puede dar buen uso a los terrenos fiscales para crear empleo, progreso, y que contribuyan a una matriz energ\u00e9tica verde.\n   \"Queremos impulsar este tipo de proyectos que utilicen energ\u00edas renovables como una forma de sellar nuestro compromiso con las pr\u00f3ximas generaciones\", remarc\u00f3.\n   El parque fotovoltaico inyectar\u00e1 220 gigavatios hora al Sistema El\u00e9ctrico Nacional de Chile.\n   El complejo cuenta con 214.704 paneles de alta eficiencia que est\u00e1n dotados con una tecnolog\u00eda que les permite seguir el movimiento del sol para maximizar la captura de energ\u00eda.\n   El gobierno chileno se comprometi\u00f3 a descarbonizar su matriz energ\u00e9tica antes de 2040 y convertirse en un pa\u00eds de carbono neutral antes de 2050.\n   Para 2050, Chile pretende liderar la producci\u00f3n de hidr\u00f3geno verde, un combustible que se puede producir a partir de agua y fuentes renovable, el cual podr\u00eda superar en ganancias al cobre, el producto que sostiene a la econom\u00eda chilena. <\/pre>\n","protected":false},"excerpt":{"rendered":"<p>diariodominicano.com SANTIAGO, 25 nov (Xinhua) &#8212; Chile inaugur\u00f3 el Parque Fotovoltaico La Huella en el norte del pa\u00eds, el cual abastecer\u00e1 con energ\u00eda limpia, sustentable y econ\u00f3mica a m\u00e1s de 90.000 hogares de la zona centro-norte, inform\u00f3 hoy jueves el Ministerio de Energ\u00eda. El complejo que se levanta en la comuna de La Higuera, en [&hellip;]<\/p>\n","protected":false},"author":5,"featured_media":311108,"comment_status":"closed","ping_status":"","sticky":true,"template":"","format":"standard","meta":{"footnotes":""},"categories":[23,27],"tags":[],"class_list":["post-311107","post","type-post","status-publish","format-standard","has-post-thumbnail","hentry","category-internacional","category-portada"],"_links":{"self":[{"href":"https:\/\/diariodominicano.com\/index.php?rest_route=\/wp\/v2\/posts\/311107","targetHints":{"allow":["GET"]}}],"collection":[{"href":"https:\/\/diariodominicano.com\/index.php?rest_route=\/wp\/v2\/posts"}],"about":[{"href":"https:\/\/diariodominicano.com\/index.php?rest_route=\/wp\/v2\/types\/post"}],"author":[{"embeddable":true,"href":"https:\/\/diariodominicano.com\/index.php?rest_route=\/wp\/v2\/users\/5"}],"replies":[{"embeddable":true,"href":"https:\/\/diariodominicano.com\/index.php?rest_route=%2Fwp%2Fv2%2Fcomments&post=311107"}],"version-history":[{"count":1,"href":"https:\/\/diariodominicano.com\/index.php?rest_route=\/wp\/v2\/posts\/311107\/revisions"}],"predecessor-version":[{"id":311109,"href":"https:\/\/diariodominicano.com\/index.php?rest_route=\/wp\/v2\/posts\/311107\/revisions\/311109"}],"wp:featuredmedia":[{"embeddable":true,"href":"https:\/\/diariodominicano.com\/index.php?rest_route=\/wp\/v2\/media\/311108"}],"wp:attachment":[{"href":"https:\/\/diariodominicano.com\/index.php?rest_route=%2Fwp%2Fv2%2Fmedia&parent=311107"}],"wp:term":[{"taxonomy":"category","embeddable":true,"href":"https:\/\/diariodominicano.com\/index.php?rest_route=%2Fwp%2Fv2%2Fcategories&post=311107"},{"taxonomy":"post_tag","embeddable":true,"href":"https:\/\/diariodominicano.com\/index.php?rest_route=%2Fwp%2Fv2%2Ftags&post=311107"}],"curies":[{"name":"wp","href":"https:\/\/api.w.org\/{rel}","templated":true}]}}