{"id":311100,"date":"2021-11-25T19:22:53","date_gmt":"2021-11-25T23:22:53","guid":{"rendered":"http:\/\/diariodominicano.com\/?p=311100"},"modified":"2021-11-25T19:22:53","modified_gmt":"2021-11-25T23:22:53","slug":"mueren-al-menos-43-personas-y-46-aldeas-son-quemadas-y-saqueadas-en-region-sudanesa-de-darfur-ocah","status":"publish","type":"post","link":"https:\/\/diariodominicano.com\/?p=311100","title":{"rendered":"Mueren al menos 43 personas y 46 aldeas son quemadas y saqueadas en regi\u00f3n sudanesa de Darfur: OCAH"},"content":{"rendered":"\n<p>diariodominicano.com<\/p>\n\n\n\n<p><a rel=\"noreferrer noopener\" href=\"https:\/\/www.xinhua-news.com\/gdsdetailxhs\/share\/10649240-?pageflag=iframe\" target=\"_blank\"><\/a>   JARTUM, 25 nov (Xinhua) &#8212; Al menos 43 personas murieron y 46 aldeas fueron incendiadas y saqueadas en el estado de Darfur Occidental en Sud\u00e1n, inform\u00f3 hoy jueves la Oficina de Naciones Unidas para la Coordinaci\u00f3n de Asuntos Humanitarios (OCAH) en Sud\u00e1n.  <\/p>\n\n\n\n<p>  \u00abEl 17 de noviembre estall\u00f3 el conflicto entre n\u00f3madas \u00e1rabes y agricultores de la tribu Misseriya Jebel en la localidad de Jebel Moon, en Darfur Occidental\u00bb, dijo la OCAH en un comunicado.<\/p>\n\n\n\n<div class=\"wp-block-image\"><figure class=\"alignleft size-large is-resized\"><img loading=\"lazy\" decoding=\"async\" src=\"https:\/\/diariodominicano.com\/wp-content\/uploads\/2021\/11\/west-darfur-sudan-violence-25-11-21-1024x575.jpeg\" alt=\"\" class=\"wp-image-311101\" width=\"314\" height=\"175\" srcset=\"https:\/\/diariodominicano.com\/wp-content\/uploads\/2021\/11\/west-darfur-sudan-violence-25-11-21-1024x575.jpeg 1024w, https:\/\/diariodominicano.com\/wp-content\/uploads\/2021\/11\/west-darfur-sudan-violence-25-11-21-768x431.jpeg 768w, https:\/\/diariodominicano.com\/wp-content\/uploads\/2021\/11\/west-darfur-sudan-violence-25-11-21-816x458.jpeg 816w, https:\/\/diariodominicano.com\/wp-content\/uploads\/2021\/11\/west-darfur-sudan-violence-25-11-21.jpeg 1200w\" sizes=\"auto, (max-width: 314px) 100vw, 314px\" \/><\/figure><\/div>\n\n\n\n<p>    \u00abLos primeros informes indican que al menos 43 personas han muerto, 46 aldeas han sido incendiadas y saqueadas, y un n\u00famero desconocido de personas resultaron heridas debido a los enfrentamientos ahora en curso\u00bb, agreg\u00f3. <\/p>\n\n\n\n<p>   \u00abDe acuerdo con informes, varias personas est\u00e1n desaparecidas, incluyendo a ni\u00f1os\u00bb, destac\u00f3.    La regi\u00f3n sudanesa de Darfur ha sido escenario de una guerra civil desde 2003, durante el mandato del ex presidente Omar al-Bashir, quien fue depuesto el 11 de abril de 2019. <\/p>\n\n\n\n<p>   El Gobierno de transici\u00f3n de Sud\u00e1n busc\u00f3 acabar con el conflicto armado en la regi\u00f3n de Darfur a trav\u00e9s de un acuerdo alcanzado el 3 de octubre de 2020, pero algunos grupos armados a\u00fan no han firmado el acuerdo. <\/p>\n","protected":false},"excerpt":{"rendered":"<p>diariodominicano.com JARTUM, 25 nov (Xinhua) &#8212; Al menos 43 personas murieron y 46 aldeas fueron incendiadas y saqueadas en el estado de Darfur Occidental en Sud\u00e1n, inform\u00f3 hoy jueves la Oficina de Naciones Unidas para la Coordinaci\u00f3n de Asuntos Humanitarios (OCAH) en Sud\u00e1n. \u00abEl 17 de noviembre estall\u00f3 el conflicto entre n\u00f3madas \u00e1rabes y agricultores [&hellip;]<\/p>\n","protected":false},"author":5,"featured_media":311102,"comment_status":"closed","ping_status":"","sticky":true,"template":"","format":"standard","meta":{"footnotes":""},"categories":[23,27],"tags":[],"class_list":["post-311100","post","type-post","status-publish","format-standard","has-post-thumbnail","hentry","category-internacional","category-portada"],"_links":{"self":[{"href":"https:\/\/diariodominicano.com\/index.php?rest_route=\/wp\/v2\/posts\/311100","targetHints":{"allow":["GET"]}}],"collection":[{"href":"https:\/\/diariodominicano.com\/index.php?rest_route=\/wp\/v2\/posts"}],"about":[{"href":"https:\/\/diariodominicano.com\/index.php?rest_route=\/wp\/v2\/types\/post"}],"author":[{"embeddable":true,"href":"https:\/\/diariodominicano.com\/index.php?rest_route=\/wp\/v2\/users\/5"}],"replies":[{"embeddable":true,"href":"https:\/\/diariodominicano.com\/index.php?rest_route=%2Fwp%2Fv2%2Fcomments&post=311100"}],"version-history":[{"count":1,"href":"https:\/\/diariodominicano.com\/index.php?rest_route=\/wp\/v2\/posts\/311100\/revisions"}],"predecessor-version":[{"id":311103,"href":"https:\/\/diariodominicano.com\/index.php?rest_route=\/wp\/v2\/posts\/311100\/revisions\/311103"}],"wp:featuredmedia":[{"embeddable":true,"href":"https:\/\/diariodominicano.com\/index.php?rest_route=\/wp\/v2\/media\/311102"}],"wp:attachment":[{"href":"https:\/\/diariodominicano.com\/index.php?rest_route=%2Fwp%2Fv2%2Fmedia&parent=311100"}],"wp:term":[{"taxonomy":"category","embeddable":true,"href":"https:\/\/diariodominicano.com\/index.php?rest_route=%2Fwp%2Fv2%2Fcategories&post=311100"},{"taxonomy":"post_tag","embeddable":true,"href":"https:\/\/diariodominicano.com\/index.php?rest_route=%2Fwp%2Fv2%2Ftags&post=311100"}],"curies":[{"name":"wp","href":"https:\/\/api.w.org\/{rel}","templated":true}]}}