{"id":311094,"date":"2021-11-25T19:01:09","date_gmt":"2021-11-25T23:01:09","guid":{"rendered":"http:\/\/diariodominicano.com\/?p=311094"},"modified":"2021-11-25T19:01:09","modified_gmt":"2021-11-25T23:01:09","slug":"caravana-migrante-se-reduce-y-avanza-por-estado-mexicano-de-veracruz","status":"publish","type":"post","link":"https:\/\/diariodominicano.com\/?p=311094","title":{"rendered":"Caravana migrante se reduce y avanza por estado mexicano de Veracruz"},"content":{"rendered":"\n<p>diariodominicano.com<\/p>\n\n\n\n<pre id=\"text-news-description\" class=\"wp-block-preformatted\">   MEXICO, 25 nov (Xinhua) -- La caravana migrante que transita M\u00e9xico desde hace m\u00e1s de un mes para llegar a la frontera con Estados Unidos continu\u00f3 hoy jueves su avance por el estado de Veracruz (este), aunque cada d\u00eda sus integrantes disminuyen en n\u00famero y se observan m\u00e1s agotados.\n   El contingente, que lleg\u00f3 a reunir entre 4.000 y 5.000 migrantes de Centroam\u00e9rica y Hait\u00ed principalmente, est\u00e1 integrado en estos momentos por unas 500 personas, de acuerdo con las versiones difundidas por la prensa local.\n   La mayor\u00eda de los migrantes decidi\u00f3 aceptar las propuestas del Instituto Nacional de Migraci\u00f3n de M\u00e9xico (INM), que les ofrece tarjetas y visas humanitarias para que puedan transitar por el pa\u00eds durante un a\u00f1o o esperar la resoluci\u00f3n de sus casos en estados espec\u00edficos.\n   Una segunda caravana de m\u00e1s de 2.500 migrantes, que parti\u00f3 el 18 de noviembre de la ciudad de Tapachula, en el estado de Chiapas (sureste) y fronteriza con Guatemala, acord\u00f3 el martes con el INM su desactivaci\u00f3n a cambio de los permisos especiales para sus miembros.\n   El grupo que transita por Veracruz parti\u00f3 tambi\u00e9n desde Tapachula con destino a la Ciudad de M\u00e9xico el pasado 23 de octubre, pero tras la reapertura de la frontera estadounidense a actividades no esenciales decidi\u00f3 fijar su rumbo en el estado de Sonora (noroeste), para intentar ingresar a Estados Unidos por Arizona.\n   El n\u00famero de sus miembros ha disminuido de manera paulatina, conforme varios migrantes aceptan las tarjetas y permisos del INM.\n   El mi\u00e9rcoles, cuando la caravana avanz\u00f3 30 kil\u00f3metros hasta el poblado veracruzano de Juan Rodr\u00edguez Clara, unos 30 migrantes alcanzaron acuerdos con la entidad estatal.\n   La regi\u00f3n centroamericana afronta este a\u00f1o un flujo de migrantes in\u00e9dito.   \n   De enero a agosto se contabilizaron m\u00e1s de 147.000 migrantes irregulares en M\u00e9xico, el triple de todo 2020, de acuerdo con el INM.\n   Del 1 de octubre de 2020 al 30 de septiembre de 2021, el n\u00famero de migrantes detenidos por autoridades estadounidenses alcanz\u00f3 el m\u00e1ximo hist\u00f3rico para un a\u00f1o fiscal de 1.734.686, seg\u00fan datos de la Oficina de Aduana y Protecci\u00f3n Fronteriza de Estados Unidos. <\/pre>\n","protected":false},"excerpt":{"rendered":"<p>diariodominicano.com MEXICO, 25 nov (Xinhua) &#8212; La caravana migrante que transita M\u00e9xico desde hace m\u00e1s de un mes para llegar a la frontera con Estados Unidos continu\u00f3 hoy jueves su avance por el estado de Veracruz (este), aunque cada d\u00eda sus integrantes disminuyen en n\u00famero y se observan m\u00e1s agotados. El contingente, que lleg\u00f3 a [&hellip;]<\/p>\n","protected":false},"author":5,"featured_media":311095,"comment_status":"closed","ping_status":"","sticky":true,"template":"","format":"standard","meta":{"footnotes":""},"categories":[23,27],"tags":[],"class_list":["post-311094","post","type-post","status-publish","format-standard","has-post-thumbnail","hentry","category-internacional","category-portada"],"_links":{"self":[{"href":"https:\/\/diariodominicano.com\/index.php?rest_route=\/wp\/v2\/posts\/311094","targetHints":{"allow":["GET"]}}],"collection":[{"href":"https:\/\/diariodominicano.com\/index.php?rest_route=\/wp\/v2\/posts"}],"about":[{"href":"https:\/\/diariodominicano.com\/index.php?rest_route=\/wp\/v2\/types\/post"}],"author":[{"embeddable":true,"href":"https:\/\/diariodominicano.com\/index.php?rest_route=\/wp\/v2\/users\/5"}],"replies":[{"embeddable":true,"href":"https:\/\/diariodominicano.com\/index.php?rest_route=%2Fwp%2Fv2%2Fcomments&post=311094"}],"version-history":[{"count":1,"href":"https:\/\/diariodominicano.com\/index.php?rest_route=\/wp\/v2\/posts\/311094\/revisions"}],"predecessor-version":[{"id":311096,"href":"https:\/\/diariodominicano.com\/index.php?rest_route=\/wp\/v2\/posts\/311094\/revisions\/311096"}],"wp:featuredmedia":[{"embeddable":true,"href":"https:\/\/diariodominicano.com\/index.php?rest_route=\/wp\/v2\/media\/311095"}],"wp:attachment":[{"href":"https:\/\/diariodominicano.com\/index.php?rest_route=%2Fwp%2Fv2%2Fmedia&parent=311094"}],"wp:term":[{"taxonomy":"category","embeddable":true,"href":"https:\/\/diariodominicano.com\/index.php?rest_route=%2Fwp%2Fv2%2Fcategories&post=311094"},{"taxonomy":"post_tag","embeddable":true,"href":"https:\/\/diariodominicano.com\/index.php?rest_route=%2Fwp%2Fv2%2Ftags&post=311094"}],"curies":[{"name":"wp","href":"https:\/\/api.w.org\/{rel}","templated":true}]}}