{"id":311062,"date":"2021-11-25T15:28:38","date_gmt":"2021-11-25T19:28:38","guid":{"rendered":"http:\/\/diariodominicano.com\/?p=311062"},"modified":"2021-11-25T22:05:46","modified_gmt":"2021-11-26T02:05:46","slug":"jimmy-llibre-busca-competir-en-el-campeonato-porsche-carrera-cup-2022","status":"publish","type":"post","link":"https:\/\/diariodominicano.com\/?p=311062","title":{"rendered":"Jimmy Llibre busca competir \u00a0en el Campeonato Porsche Carrera Cup 2022"},"content":{"rendered":"\n<p>El campe\u00f3n de automovilismo hace un llamado de patrocinio a entidades p\u00fablicas y privadas<\/p>\n\n\n\n<p><strong>Santo Domingo RD.-<\/strong>&nbsp;El campe\u00f3n de automovilismo, Jimmy Llibre sostuvo un encuentro con los medios de comunicaci\u00f3n, patrocinadores, amigos y relacionados, donde manifest\u00f3 su agradecimiento por todo el apoyo ofrecido durante sus participaciones del 2021 en escenarios nacionales e internacionales.<\/p>\n\n\n\n<figure class=\"wp-block-image size-large\"><img loading=\"lazy\" decoding=\"async\" width=\"1024\" height=\"683\" src=\"https:\/\/diariodominicano.com\/wp-content\/uploads\/2021\/11\/DSC01284-1024x683.jpg\" alt=\"\" class=\"wp-image-311064\" srcset=\"https:\/\/diariodominicano.com\/wp-content\/uploads\/2021\/11\/DSC01284-1024x683.jpg 1024w, https:\/\/diariodominicano.com\/wp-content\/uploads\/2021\/11\/DSC01284-300x200.jpg 300w, https:\/\/diariodominicano.com\/wp-content\/uploads\/2021\/11\/DSC01284-768x512.jpg 768w, https:\/\/diariodominicano.com\/wp-content\/uploads\/2021\/11\/DSC01284-1536x1024.jpg 1536w, https:\/\/diariodominicano.com\/wp-content\/uploads\/2021\/11\/DSC01284-2048x1365.jpg 2048w, https:\/\/diariodominicano.com\/wp-content\/uploads\/2021\/11\/DSC01284-816x544.jpg 816w\" sizes=\"auto, (max-width: 1024px) 100vw, 1024px\" \/><\/figure>\n\n\n\n<p>El encuentro se realizo en las instalaciones de Porsche Center Santo Domingo, &nbsp;Llibre estuvo acompa\u00f1ado &nbsp;por el CEO de Porsche, Jacinto Peynado hijo, por el Viceministro de Deporte, Franklin De la Mota y la&nbsp; gerente de mercadeo de Porsche Center, Carolina Kouhry.&nbsp;&nbsp;<\/p>\n\n\n\n<p>El joven piloto, agradeci\u00f3 el respaldo de todos los medios de comunicaci\u00f3n, a&nbsp;la prensa escrita, radial, televisiva y los otros medios tecnol\u00f3gicos y digitales, que han dado una cobertura extraordinaria a la actuaci\u00f3n del dominicano en pistas extranjeras.<\/p>\n\n\n\n<p>\u201cSin el apoyo de la prensa, el pa\u00eds no se hubiera enterado de los magn\u00edficos resultados que en cada competencia alcanzamos\u201d, puntualiz\u00f3 Llibre.<\/p>\n\n\n\n<figure class=\"wp-block-image size-large\"><img loading=\"lazy\" decoding=\"async\" width=\"1024\" height=\"791\" src=\"https:\/\/diariodominicano.com\/wp-content\/uploads\/2021\/11\/DSC01354-1024x791.jpg\" alt=\"\" class=\"wp-image-311065\" srcset=\"https:\/\/diariodominicano.com\/wp-content\/uploads\/2021\/11\/DSC01354-1024x791.jpg 1024w, https:\/\/diariodominicano.com\/wp-content\/uploads\/2021\/11\/DSC01354-300x232.jpg 300w, https:\/\/diariodominicano.com\/wp-content\/uploads\/2021\/11\/DSC01354-768x594.jpg 768w, https:\/\/diariodominicano.com\/wp-content\/uploads\/2021\/11\/DSC01354-1536x1187.jpg 1536w, https:\/\/diariodominicano.com\/wp-content\/uploads\/2021\/11\/DSC01354-2048x1583.jpg 2048w, https:\/\/diariodominicano.com\/wp-content\/uploads\/2021\/11\/DSC01354-816x631.jpg 816w\" sizes=\"auto, (max-width: 1024px) 100vw, 1024px\" \/><\/figure>\n\n\n\n<p><strong>Jacinto Peynado, representan\u00adte de Porsche en el pa\u00eds exhort\u00f3 a las autoridades dominicanas a dar apoyo a joven piloto ya que estos eventos sirven para promover la imagen de la Rep\u00fablica Dominicana.<\/strong><\/p>\n\n\n\n<p>Jimmy coment\u00f3 su experiencia de este a\u00f1o con la marca Porsche, su participaci\u00f3n en el&nbsp; Campeonato Runoffs Event, en la &nbsp;gran final de la serie SCCA y la agenda de trabajo&nbsp; que le depara para el 2022.<\/p>\n\n\n\n<p>Agradeci\u00f3 a todo el pueblo dominicano y a sus patrocinadores por el gran seguimiento y respaldo, quienes lo apoyaron y confiaron en \u00e9l, aportando los recursos necesarios para representar con dignidad a los dominicanos en campeonatos de trascendencia mundial.<\/p>\n\n\n\n<p>Gran parte de sus logros se lo debe al gran equipo de trabajo que lo acompa\u00f1\u00f3 en cada jornada, comprometidos con la carrera profesional de Jimmy y la satisfacci\u00f3n de representar a la Rep\u00fablica Dominicana.<\/p>\n\n\n\n<p>El objetivo de Llibre es participar en todas las carreras en el referido campeonato que inicia en marzo del pr\u00f3ximo a\u00f1os y as\u00ed pueda ser tomando en cuenta para lograr uno de sus sue\u00f1os correr en la \u201cPorsche S\u00faper Cup\u201d.<\/p>\n\n\n\n<p>\u201cEstoy muy feliz y agradecido de contar con un equipo de trabajo que ha dado el m\u00e1ximo en cada carrera y que ha puesto todo su empe\u00f1o, esfuerzo y trabajo para que seamos los mejores y nos coloquemos en la posici\u00f3n m\u00e1s alta del podio\u201d.<\/p>\n\n\n\n<p>Jimmy conto con el patrocinio y apoyo de Porsche Center Santo Domingo, Baldom, DES, Honda Dominicana, SAM Latinoam\u00e9rica, T\u00edpico Bonao, Sky Cana, Mec\u00e1nica Hot, Esteva Patolog\u00eda, Ecodetailing, Cleaner Studio, &nbsp;el peri\u00f3dico El Nuevo Diario entre otros.<\/p>\n\n\n\n<p>&nbsp;Jimmy&nbsp; no solamente tuvo un tremendo desenvolvimiento&nbsp; deportivo en Europa y los Estados Unidos, sino que se ha convertido en la inspiraci\u00f3n para cientos dominicanos que aman esta disciplina deportiva.<\/p>\n\n\n\n<p>Sus logros no han sido producto del azar, ha tenido que esforzarse, sacrificarse, trabajar, entrenarse, prescindir y renunciar a muchas cosas para poder alcanzar un lugar de privilegio en el deporte del automovilismo.<\/p>\n\n\n\n<p>Alfredo  Garc\u00eda<\/p>\n\n\n\n<p>Nieves Disla Mart\u00ednez<\/p>\n\n\n\n<p>Relaciones P\u00fablicas<\/p>\n\n\n\n<p><\/p>\n","protected":false},"excerpt":{"rendered":"<p>El campe\u00f3n de automovilismo hace un llamado de patrocinio a entidades p\u00fablicas y privadas Santo Domingo RD.-&nbsp;El campe\u00f3n de automovilismo, Jimmy Llibre sostuvo un encuentro con los medios de comunicaci\u00f3n, patrocinadores, amigos y relacionados, donde manifest\u00f3 su agradecimiento por todo el apoyo ofrecido durante sus participaciones del 2021 en escenarios nacionales e internacionales. El encuentro [&hellip;]<\/p>\n","protected":false},"author":2,"featured_media":311063,"comment_status":"closed","ping_status":"","sticky":true,"template":"","format":"standard","meta":{"footnotes":""},"categories":[17,27],"tags":[],"class_list":["post-311062","post","type-post","status-publish","format-standard","has-post-thumbnail","hentry","category-deportes","category-portada"],"_links":{"self":[{"href":"https:\/\/diariodominicano.com\/index.php?rest_route=\/wp\/v2\/posts\/311062","targetHints":{"allow":["GET"]}}],"collection":[{"href":"https:\/\/diariodominicano.com\/index.php?rest_route=\/wp\/v2\/posts"}],"about":[{"href":"https:\/\/diariodominicano.com\/index.php?rest_route=\/wp\/v2\/types\/post"}],"author":[{"embeddable":true,"href":"https:\/\/diariodominicano.com\/index.php?rest_route=\/wp\/v2\/users\/2"}],"replies":[{"embeddable":true,"href":"https:\/\/diariodominicano.com\/index.php?rest_route=%2Fwp%2Fv2%2Fcomments&post=311062"}],"version-history":[{"count":3,"href":"https:\/\/diariodominicano.com\/index.php?rest_route=\/wp\/v2\/posts\/311062\/revisions"}],"predecessor-version":[{"id":311167,"href":"https:\/\/diariodominicano.com\/index.php?rest_route=\/wp\/v2\/posts\/311062\/revisions\/311167"}],"wp:featuredmedia":[{"embeddable":true,"href":"https:\/\/diariodominicano.com\/index.php?rest_route=\/wp\/v2\/media\/311063"}],"wp:attachment":[{"href":"https:\/\/diariodominicano.com\/index.php?rest_route=%2Fwp%2Fv2%2Fmedia&parent=311062"}],"wp:term":[{"taxonomy":"category","embeddable":true,"href":"https:\/\/diariodominicano.com\/index.php?rest_route=%2Fwp%2Fv2%2Fcategories&post=311062"},{"taxonomy":"post_tag","embeddable":true,"href":"https:\/\/diariodominicano.com\/index.php?rest_route=%2Fwp%2Fv2%2Ftags&post=311062"}],"curies":[{"name":"wp","href":"https:\/\/api.w.org\/{rel}","templated":true}]}}