{"id":311036,"date":"2021-11-25T14:39:10","date_gmt":"2021-11-25T18:39:10","guid":{"rendered":"http:\/\/diariodominicano.com\/?p=311036"},"modified":"2021-11-25T14:40:24","modified_gmt":"2021-11-25T18:40:24","slug":"presidente-abinader-dona-sangre-durante-puesta-en-funcionamiento-hemocentro-nacional-invita-a-la-poblacion-hacer-lo-mismo-para-salvar-vidas","status":"publish","type":"post","link":"https:\/\/diariodominicano.com\/?p=311036","title":{"rendered":"Presidente Abinader dona sangre durante puesta en funcionamiento Hemocentro Nacional; invita a la poblaci\u00f3n hacer lo mismo para salvar vidas"},"content":{"rendered":"\n<p>diariodominicano.com<\/p>\n\n\n\n<p>Santo Domingo, R. D., 25 de noviembre, 2021.-\u00a0El presidente Luis Abinader se convirti\u00f3 en el primer donante de sangre al dejar en funcionamiento el Hemocentro Nacional y dar inicio a la primera jornada para estos fines, como parte de la meta presidencial que procura salvar vidas mediante la donaci\u00f3n de sangre. \u00a0\u00a0<\/p>\n\n\n\n<p>El&nbsp;acto de inicio de la jornada se llev\u00f3 a cabo en la explanada frontal de la plaza Downtown Center, en la avenida N\u00fa\u00f1ez de C\u00e1ceres. El mandatario defini\u00f3 la iniciativa como un gesto de&nbsp;amor.<\/p>\n\n\n\n<p>\u201cHoy, despu\u00e9s de tres a\u00f1os creado, dejamos en funcionamiento por primera vez el Hemocentro Nacional, el banco de sangre general del Estado dominicano, que se regir\u00e1 a trav\u00e9s del Ministerio de Salud P\u00fablica y Asistencia Social\u201d, inform\u00f3 el gobernante.<\/p>\n\n\n\n<p>Cit\u00f3 la necesidad de sangre para ni\u00f1os con c\u00e1ncer, personas con anemia falciforme, embarazadas a punto de dar a luz y accidentados.<\/p>\n\n\n\n<p>El jefe de Estado anunci\u00f3 que, como este tema requiere de mayores atenciones y existe un plan de trabajo que vincula a diferentes instituciones, ha decidido incluirlo como una meta presidencial.<\/p>\n\n\n\n<p>El objetivo, dijo,&nbsp;es&nbsp;que sea atendido con el rigor que amerita y que los miembros de la mesa de trabajo creada, puedan sentir los avances palpables en cada proceso alcanzado.<\/p>\n\n\n\n<p>Sostuvo que la donaci\u00f3n de sangre se ha convertido en uno de los ejes fundamentales de su gesti\u00f3n de Gobierno, tal como lo prometi\u00f3 el 14 de julio pasado, durante el lanzamiento de la Red de Donantes de la Fundaci\u00f3n LASO.<\/p>\n\n\n\n<p>Inform\u00f3 que ya se dej\u00f3 listo para someter al Congreso Nacional en los pr\u00f3ximos d\u00edas, el&nbsp;proyecto de ley al que se comprometi\u00f3 para transparentar el manejo de la sangre. As\u00ed se garantiza que la misma sea declarada como un bien p\u00fablico y, sobre todo, que sea gratis para los ciudadanos.<\/p>\n\n\n\n<p>Puntualiz\u00f3 que, desde hace m\u00e1s de un a\u00f1o, y justo en medio de la pandemia del COVID-19, han estado trabajando para completar los procesos de compra de materiales, as\u00ed como de orientaci\u00f3n y capacitaci\u00f3n del personal acreditado para estos fines. Se ha puesto inter\u00e9s particular en adecuar los espacios para que donar sangre sea una experiencia reconfortante y efectiva.<\/p>\n\n\n\n<p>\u201cQuiero decir, para ser justo, que el Hemocentro fue construido en el pasado gobierno y que es una gran obra. Nosotros le hemos dado todo el seguimiento para hacer toda la estructura, en el sentido de convertir al pa\u00eds verdaderamente en una red de donantes eficiente y efectiva y as\u00ed entonces poder funcionar de la manera adecuada\u201d, expuso el gobernante.<\/p>\n\n\n\n<p>Hizo la salvedad de que la acci\u00f3n de donar sangre y hemoderivados debe ser y siempre ser\u00e1 algo voluntario, que nazca en el coraz\u00f3n del ser humano.<\/p>\n\n\n\n<p>\u201cNosotros como Estado, tenemos la obligaci\u00f3n de impulsar pol\u00edticas p\u00fablicas que incentiven a las personas a donar, que las orienten y les faciliten el proceso, pero no podemos obligar a nadie a hacerlo\u201d, aclar\u00f3.<\/p>\n\n\n\n<p>Insisti\u00f3 en que el Gobierno tiene el firme prop\u00f3sito de reconocer el gesto de desprendimiento de esos hombres y mujeres, por lo cual van a asegurarse del trato preferencial que merecen los donantes como personas que salvan vidas.<\/p>\n\n\n\n<p><strong>Hemocentro y jornada<\/strong><\/p>\n\n\n\n<p>Adem\u00e1s de Downtown Center, de manera simult\u00e1nea, hay jornada de&nbsp;donaci\u00f3n durante todo el d\u00eda en el Hemocentro Nacional, en Santo Domingo. Igualmente, en Santiago, la misma se hace en el Multiuso de la Pontificia Universidad Cat\u00f3lica Madre y Maestra.<\/p>\n\n\n\n<p>El presidente Abinader indic\u00f3 que el Hemocentro se encuentra ubicado en Villa Mella y que est\u00e1 disponible para todos los que deseen donar de manera desinteresada su sangre.<\/p>\n\n\n\n<p>Como esas instalaciones se encuentran un tanto alejadas del centro de la ciudad, se ha organizado una extensa agenda que inicia hoy, con las jornadas de donaci\u00f3n a trav\u00e9s de unidades m\u00f3viles, equipadas con aire acondicionado, los insumos correspondientes y profesionales del \u00e1rea, dispuestos a desplazarse donde se requiera.<\/p>\n\n\n\n<p>Estar\u00e1n disponibles otros espacios para donaci\u00f3n como la sede principal del Ministerio de Salud P\u00fablica del&nbsp;1&nbsp;al 17 de diciembre y con los adventistas en San Crist\u00f3bal el 4 de diciembre.<\/p>\n\n\n\n<p>Tambi\u00e9n, en la Biblioteca Nacional Pedro Henr\u00edquez Ure\u00f1a el pr\u00f3ximo 22 de enero y en Bienes Nacionales&nbsp;el 28 de marzo.<\/p>\n\n\n\n<p>El presidente Luis Abinader inform\u00f3 que a los empresarios se les est\u00e1 dando la facilidad de colaborar con esta causa. Por eso, apoyo a esta campa\u00f1a hay una larga lista de empresas e instituciones que se han inscrito y s\u00f3lo falta coordinar las fechas<\/p>\n\n\n\n<p>\u201cMotiven a sus empleados a donar sangre y coordinen con nosotros, sin tener que trasladarse o perder un d\u00eda de labores, sino que en su propio establecimiento podemos instalar estas unidades m\u00f3viles el tiempo que sea necesario\u201d, precis\u00f3.<\/p>\n\n\n\n<p>Extendi\u00f3 la invitaci\u00f3n para que todo aquel que cumpla con los requisitos se acerque, done sangre y se convierta en una persona que salva vidas.<\/p>\n\n\n\n<p>Asimismo, el ministro de Salud P\u00fablica, doctor Daniel Rivera, expres\u00f3 que este es un d\u00eda hist\u00f3rico y que el objetivo que persiguen es que la poblaci\u00f3n lleve sangre segura, confiable y de alta calidad. De ah\u00ed el \u00e9nfasis en promover la donaci\u00f3n voluntaria, como un recurso muy valioso que evita complicaciones cuyo desenlace puede ser fatal.<\/p>\n\n\n\n<p>\u201cLa Rep\u00fablica Dominicana hasta esta fecha cuenta con 99 bancos de sangre donde se colectan 115 mil unidades de sangre al a\u00f1o, cantidad que no cubre las demandas actuales, que deben ser 300 mil o 350 mil unidades\u201d, inform\u00f3 Rivera.<\/p>\n\n\n\n<p>Afirm\u00f3 que el correcto funcionamiento del Hemocentro Nacional es una conquista importante para satisfacer la necesidad del pueblo dominicano y se est\u00e1n haciendo las gestiones para la instalaci\u00f3n de uno en la Regi\u00f3n Norte, en Santiago.<\/p>\n\n\n\n<p>Rivera anunci\u00f3 que, a trav\u00e9s del Laboratorio Nacional, se lanzar\u00e1 el 1 de diciembre la jornada nacional de tipificaci\u00f3n, para que todas las personas que as\u00ed lo deseen, conozcan de forma gratuita el tipo de sangre que tienen y lo que pueden donar.<\/p>\n\n\n\n<p>En tanto, la directora ejecutiva de la Red de Donantes de Sangre de la Fundaci\u00f3n LASO, Lorenny Solano, manifest\u00f3 que esto es un sue\u00f1o de m\u00e1s de 3 a\u00f1os que el presidente Abinader ha hecho posible.<\/p>\n\n\n\n<p>\u201cLa ma\u00f1ana de hoy se est\u00e1 haciendo historia en la Rep\u00fablica Dominicana; se est\u00e1 haciendo historia porque nadie, desde hace m\u00e1s de 50 a\u00f1os, hab\u00eda tocado este tema con tanta responsabilidad y con la decisi\u00f3n fehaciente de salvar vidas\u201d, sostuvo Solano.<\/p>\n\n\n\n<p>Aclar\u00f3 que la red de donantes no es un banco de sangre, sino un canalizador y motivador para que la gente done y contribuya a salvar vidas.<\/p>\n\n\n\n<p>El evento fue transmitido a todo el pa\u00eds a trav\u00e9s de una cadena de medios televisivos, canales de YouTube y redes sociales.<\/p>\n\n\n\n<p>Acompa\u00f1aron al mandatario la vicepresidenta y coordinadora del Gabinete de Salud, Raquel Pe\u00f1a; el director del Hemocentro Nacional, Pedro Sing; el director del Servicio Nacional de Salud (SNS), Mario Lama; el director del Seguro Nacional de Salud (SENASA), Santiago Hazim; el superintendente de Salud y Riesgos Laborales (SISALRIL), Jes\u00fas Feris Iglesias, y el embajador de Israel en el pa\u00eds, Daniel Biran.<\/p>\n\n\n\n<p>Fuente: Direcci\u00f3n de Estrategia y Comunicaci\u00f3n Gubernamental<\/p>\n\n\n\n<p>Ministerio Administrativo de la Presidencia de la Rep\u00fablica Dominicana<\/p>\n","protected":false},"excerpt":{"rendered":"<p>diariodominicano.com Santo Domingo, R. D., 25 de noviembre, 2021.-\u00a0El presidente Luis Abinader se convirti\u00f3 en el primer donante de sangre al dejar en funcionamiento el Hemocentro Nacional y dar inicio a la primera jornada para estos fines, como parte de la meta presidencial que procura salvar vidas mediante la donaci\u00f3n de sangre. \u00a0\u00a0 El&nbsp;acto de [&hellip;]<\/p>\n","protected":false},"author":5,"featured_media":311039,"comment_status":"closed","ping_status":"","sticky":true,"template":"","format":"standard","meta":{"footnotes":""},"categories":[20,27],"tags":[],"class_list":["post-311036","post","type-post","status-publish","format-standard","has-post-thumbnail","hentry","category-dominicana-hoy","category-portada"],"_links":{"self":[{"href":"https:\/\/diariodominicano.com\/index.php?rest_route=\/wp\/v2\/posts\/311036","targetHints":{"allow":["GET"]}}],"collection":[{"href":"https:\/\/diariodominicano.com\/index.php?rest_route=\/wp\/v2\/posts"}],"about":[{"href":"https:\/\/diariodominicano.com\/index.php?rest_route=\/wp\/v2\/types\/post"}],"author":[{"embeddable":true,"href":"https:\/\/diariodominicano.com\/index.php?rest_route=\/wp\/v2\/users\/5"}],"replies":[{"embeddable":true,"href":"https:\/\/diariodominicano.com\/index.php?rest_route=%2Fwp%2Fv2%2Fcomments&post=311036"}],"version-history":[{"count":2,"href":"https:\/\/diariodominicano.com\/index.php?rest_route=\/wp\/v2\/posts\/311036\/revisions"}],"predecessor-version":[{"id":311041,"href":"https:\/\/diariodominicano.com\/index.php?rest_route=\/wp\/v2\/posts\/311036\/revisions\/311041"}],"wp:featuredmedia":[{"embeddable":true,"href":"https:\/\/diariodominicano.com\/index.php?rest_route=\/wp\/v2\/media\/311039"}],"wp:attachment":[{"href":"https:\/\/diariodominicano.com\/index.php?rest_route=%2Fwp%2Fv2%2Fmedia&parent=311036"}],"wp:term":[{"taxonomy":"category","embeddable":true,"href":"https:\/\/diariodominicano.com\/index.php?rest_route=%2Fwp%2Fv2%2Fcategories&post=311036"},{"taxonomy":"post_tag","embeddable":true,"href":"https:\/\/diariodominicano.com\/index.php?rest_route=%2Fwp%2Fv2%2Ftags&post=311036"}],"curies":[{"name":"wp","href":"https:\/\/api.w.org\/{rel}","templated":true}]}}