{"id":311027,"date":"2021-11-25T14:29:31","date_gmt":"2021-11-25T18:29:31","guid":{"rendered":"http:\/\/diariodominicano.com\/?p=311027"},"modified":"2021-11-25T14:33:34","modified_gmt":"2021-11-25T18:33:34","slug":"exsenador-steven-benoit","status":"publish","type":"post","link":"https:\/\/diariodominicano.com\/?p=311027","title":{"rendered":"Steven Benoit califica de gobierno de Hait\u00ed, encabezado por Ariel Henry como \u00abversi\u00f3n mejorada\u00bb del Tet Kale"},"content":{"rendered":"\n<p><\/p>\n\n\n\n<p>diariodominicano.com<\/p>\n\n\n\n<p>Puerto Pr\u00edncipe, 25 nov (Prensa Latina) El  exsenador Steven Benoit critic\u00f3 hoy el nuevo Gobierno de Hait\u00ed formado por el primer ministro Ariel Henry y lo calific\u00f3 de \u201cversi\u00f3n mejorada\u201d del partido Tet Kale. <\/p>\n\n\n\n<p>Benoit, muy cr\u00edtico con los exmandatarios Jovenel Mo\u00efse y Michel Martelly, quienes llegaron al poder auspiciados por Tet Kale, dijo este jueves en el programa radial Magik 9, que el gabinete \u201ces el mismo r\u00e9gimen que ha estado en el poder desde 2011\u201d, asegur\u00f3.<\/p>\n\n\n\n<p><\/p>\n\n\n\n<p>De acuerdo con el l\u00edder del partido Entente (Acuerdo), el pol\u00edtico m\u00e1s poderoso de Hait\u00ed desde 2011 es Martelly, y es quien mueve los hilos del pa\u00eds desde hace una d\u00e9cada.<\/p>\n\n\n\n<p>La v\u00edspera, Henry instal\u00f3 a ocho nuevos ministros, como resultado del acuerdo para la gobernanza pac\u00edfica firmado por centenares de organizaciones sociopol\u00edticas, y tras recibir la presi\u00f3n de sus propios aliados.<\/p>\n\n\n\n<p>El neurocirujano en el cargo desde julio pasado, tras el asesinato de Mo\u00efse, asegur\u00f3 que el ejecutivo tiene la misi\u00f3n de crear un entorno seguro y estable para la adopci\u00f3n de una nueva constituci\u00f3n, la celebraci\u00f3n de elecciones locales y presidenciales, as\u00ed como el restablecimiento del orden p\u00fablico.<\/p>\n\n\n\n<p>Al menos tres de los titulares nombrados ya tuvieron experiencia en esas carteras como Nesmy Manigat, que regresa frente al Ministerio de Educaci\u00f3n, Alex Larsen al de Salud y Rosemond Pradel repite en el portafolio de Trabajos P\u00fablicos, Transporte y Comunicaciones.<\/p>\n\n\n\n<p>Se incluyen nuevos nombres como el del exsenador Ricard Pierre como ministro de Planificaci\u00f3n y cooperaci\u00f3n externa, mientras el extitular de Haitianos que viven en el extranjero, Jean Victor G\u00e9n\u00e9us, es el nuevo canciller.<\/p>\n\n\n\n<p>mem\/ane<\/p>\n","protected":false},"excerpt":{"rendered":"<p>diariodominicano.com Puerto Pr\u00edncipe, 25 nov (Prensa Latina) El exsenador Steven Benoit critic\u00f3 hoy el nuevo Gobierno de Hait\u00ed formado por el primer ministro Ariel Henry y lo calific\u00f3 de \u201cversi\u00f3n mejorada\u201d del partido Tet Kale. Benoit, muy cr\u00edtico con los exmandatarios Jovenel Mo\u00efse y Michel Martelly, quienes llegaron al poder auspiciados por Tet Kale, dijo [&hellip;]<\/p>\n","protected":false},"author":5,"featured_media":311029,"comment_status":"closed","ping_status":"","sticky":true,"template":"","format":"standard","meta":{"footnotes":""},"categories":[23,27],"tags":[],"class_list":["post-311027","post","type-post","status-publish","format-standard","has-post-thumbnail","hentry","category-internacional","category-portada"],"_links":{"self":[{"href":"https:\/\/diariodominicano.com\/index.php?rest_route=\/wp\/v2\/posts\/311027","targetHints":{"allow":["GET"]}}],"collection":[{"href":"https:\/\/diariodominicano.com\/index.php?rest_route=\/wp\/v2\/posts"}],"about":[{"href":"https:\/\/diariodominicano.com\/index.php?rest_route=\/wp\/v2\/types\/post"}],"author":[{"embeddable":true,"href":"https:\/\/diariodominicano.com\/index.php?rest_route=\/wp\/v2\/users\/5"}],"replies":[{"embeddable":true,"href":"https:\/\/diariodominicano.com\/index.php?rest_route=%2Fwp%2Fv2%2Fcomments&post=311027"}],"version-history":[{"count":2,"href":"https:\/\/diariodominicano.com\/index.php?rest_route=\/wp\/v2\/posts\/311027\/revisions"}],"predecessor-version":[{"id":311035,"href":"https:\/\/diariodominicano.com\/index.php?rest_route=\/wp\/v2\/posts\/311027\/revisions\/311035"}],"wp:featuredmedia":[{"embeddable":true,"href":"https:\/\/diariodominicano.com\/index.php?rest_route=\/wp\/v2\/media\/311029"}],"wp:attachment":[{"href":"https:\/\/diariodominicano.com\/index.php?rest_route=%2Fwp%2Fv2%2Fmedia&parent=311027"}],"wp:term":[{"taxonomy":"category","embeddable":true,"href":"https:\/\/diariodominicano.com\/index.php?rest_route=%2Fwp%2Fv2%2Fcategories&post=311027"},{"taxonomy":"post_tag","embeddable":true,"href":"https:\/\/diariodominicano.com\/index.php?rest_route=%2Fwp%2Fv2%2Ftags&post=311027"}],"curies":[{"name":"wp","href":"https:\/\/api.w.org\/{rel}","templated":true}]}}