{"id":311021,"date":"2021-11-25T14:08:05","date_gmt":"2021-11-25T18:08:05","guid":{"rendered":"http:\/\/diariodominicano.com\/?p=311021"},"modified":"2021-11-25T14:08:05","modified_gmt":"2021-11-25T18:08:05","slug":"mexico-revisa-a-la-baja-cifras-economicas-del-tercer-trimestre","status":"publish","type":"post","link":"https:\/\/diariodominicano.com\/?p=311021","title":{"rendered":"M\u00e9xico revisa a la baja cifras econ\u00f3micas del tercer trimestre"},"content":{"rendered":"\n<p>diariodominicano.com<a rel=\"noreferrer noopener\" href=\"https:\/\/www.xinhua-news.com\/gdsdetailxhs\/share\/10648961-?pageflag=iframe\" target=\"_blank\"><\/a><\/p>\n\n\n\n<pre id=\"text-news-description\" class=\"wp-block-preformatted\">   MEXICO, 25 nov (Xinhua) -- El Instituto Nacional de Estad\u00edstica y Geograf\u00eda (Inegi) de M\u00e9xico inform\u00f3 hoy jueves que revis\u00f3 a la baja las cifras econ\u00f3micas del tercer trimestre, con una disminuci\u00f3n de 0,4 por ciento contra el lapso previo, frente a la baja de 0,2 por ciento reportada de forma preliminar, de acuerdo con cifras desestacionalizadas.\n   El Inegi indic\u00f3 que el sector servicios, el de mayor contribuci\u00f3n a la econom\u00eda, descendi\u00f3 un 0,9 por ciento entre julio y septiembre frente al trimestre anterior, una contracci\u00f3n m\u00e1s profunda que el descenso de 0,6 por ciento reportado de forma preliminar el 29 de octubre pasado.\n   La actividad industrial, con fuertes v\u00ednculos con su par en Estados Unidos, creci\u00f3 un 0,3 por ciento en el tercer trimestre, un menor ritmo respecto al 0,7 por ciento reportado originalmente, seg\u00fan las cifras desestacionalizadas del Inegi.\n   El sector agropecuario, con una m\u00ednima aportaci\u00f3n econ\u00f3mica, avanz\u00f3 a su vez 1,3 por ciento en el tercer trimestre, mayor que el 0,7 por ciento preliminar, de acuerdo con las revisiones.\n   Por lo que respecta a las cifras originales, el Producto Interno Bruto (PIB) mexicano avanz\u00f3 un 4,5 por ciento en el tercer trimestre interanual, ligeramente debajo del 4,6 por ciento registrado de forma preliminar.\n   De esta manera, el PIB acumul\u00f3 una expansi\u00f3n del 6,1 por ciento en los primeros nueve meses del a\u00f1o interanual.\n   El Inegi revis\u00f3 tambi\u00e9n el PIB del 2020, con un desplome del 8,2 por ciento, desde la baja del 8,3 por ciento, todav\u00eda su peor registro desde la d\u00e9cada de 1930, por las afectaciones derivadas de la pandemia del nuevo coronavirus.\n   En un reporte emitido por separado, el Grupo Financiero Banorte destac\u00f3 que tras la revisi\u00f3n del Inegi, el PIB mexicano podr\u00eda ver este a\u00f1o un crecimiento de 5,7 por ciento, pero todav\u00eda con riesgos a la baja.\n   \"Para el pr\u00f3ximo a\u00f1o (2022) nuestro pron\u00f3stico permanece en 3,0 por ciento, muy en l\u00ednea con las expectativas del mercado\", indic\u00f3 la instituci\u00f3n privada.\n   Banorte se\u00f1al\u00f3 que la econom\u00eda mexicana se ha visto afectada por las condiciones actuales de la pandemia, las restricciones de oferta persistentes, mayores presiones en precios y otros efectos adversos como disrupciones del clima. <\/pre>\n","protected":false},"excerpt":{"rendered":"<p>diariodominicano.com MEXICO, 25 nov (Xinhua) &#8212; El Instituto Nacional de Estad\u00edstica y Geograf\u00eda (Inegi) de M\u00e9xico inform\u00f3 hoy jueves que revis\u00f3 a la baja las cifras econ\u00f3micas del tercer trimestre, con una disminuci\u00f3n de 0,4 por ciento contra el lapso previo, frente a la baja de 0,2 por ciento reportada de forma preliminar, de acuerdo [&hellip;]<\/p>\n","protected":false},"author":5,"featured_media":311022,"comment_status":"closed","ping_status":"","sticky":true,"template":"","format":"standard","meta":{"footnotes":""},"categories":[23,27],"tags":[],"class_list":["post-311021","post","type-post","status-publish","format-standard","has-post-thumbnail","hentry","category-internacional","category-portada"],"_links":{"self":[{"href":"https:\/\/diariodominicano.com\/index.php?rest_route=\/wp\/v2\/posts\/311021","targetHints":{"allow":["GET"]}}],"collection":[{"href":"https:\/\/diariodominicano.com\/index.php?rest_route=\/wp\/v2\/posts"}],"about":[{"href":"https:\/\/diariodominicano.com\/index.php?rest_route=\/wp\/v2\/types\/post"}],"author":[{"embeddable":true,"href":"https:\/\/diariodominicano.com\/index.php?rest_route=\/wp\/v2\/users\/5"}],"replies":[{"embeddable":true,"href":"https:\/\/diariodominicano.com\/index.php?rest_route=%2Fwp%2Fv2%2Fcomments&post=311021"}],"version-history":[{"count":1,"href":"https:\/\/diariodominicano.com\/index.php?rest_route=\/wp\/v2\/posts\/311021\/revisions"}],"predecessor-version":[{"id":311023,"href":"https:\/\/diariodominicano.com\/index.php?rest_route=\/wp\/v2\/posts\/311021\/revisions\/311023"}],"wp:featuredmedia":[{"embeddable":true,"href":"https:\/\/diariodominicano.com\/index.php?rest_route=\/wp\/v2\/media\/311022"}],"wp:attachment":[{"href":"https:\/\/diariodominicano.com\/index.php?rest_route=%2Fwp%2Fv2%2Fmedia&parent=311021"}],"wp:term":[{"taxonomy":"category","embeddable":true,"href":"https:\/\/diariodominicano.com\/index.php?rest_route=%2Fwp%2Fv2%2Fcategories&post=311021"},{"taxonomy":"post_tag","embeddable":true,"href":"https:\/\/diariodominicano.com\/index.php?rest_route=%2Fwp%2Fv2%2Ftags&post=311021"}],"curies":[{"name":"wp","href":"https:\/\/api.w.org\/{rel}","templated":true}]}}