{"id":311015,"date":"2021-11-25T14:03:22","date_gmt":"2021-11-25T18:03:22","guid":{"rendered":"http:\/\/diariodominicano.com\/?p=311015"},"modified":"2021-11-25T14:03:22","modified_gmt":"2021-11-25T18:03:22","slug":"acroarte-florida-celebra-conversatorio-por-dia-internacional-del-musico-2","status":"publish","type":"post","link":"https:\/\/diariodominicano.com\/?p=311015","title":{"rendered":"Acroarte Florida celebra conversatorio por d\u00eda internacional del m\u00fasico"},"content":{"rendered":"\n<p>diariodominicano.com<\/p>\n\n\n\n<p>Miami, FL, 25 de noviembre, 2021.- La Asociaci\u00f3n de Cronistas de Arte de la Rep\u00fablica Dominicana Acroarte, filial Florida, con el apoyo de Village of Allapathah YMCA OF South Florida, la participaci\u00f3n de artistas de varios pa\u00edses, autoridades, comunitarios y allegados, celebr\u00f3 el conversatorio: \u201cOrigen del d\u00eda del m\u00fasico e impacto psicol\u00f3gico de la m\u00fasica\u201d, enmarcado dentro del programa: \u201cAcroarte de la mano con el Arte y la Cultura\u201d.<\/p>\n\n\n\n<p>En la actividad conducida por&nbsp; los Directivos Ana L. Ortega, Ruth de los Santos y Edwin Abreu, la presidenta de Acroarte Dellanira Herasme Flori\u00e1n, expres\u00f3 las palabras de bienvenida y agradeci<a>\u00f3<\/a> la presencia de artistas, autoridades, directivos, as\u00ed como a la entidad dedicada al desarrollo de los j\u00f3venes, en la persona de la Sra. Emilia Solano.<\/p>\n\n\n\n<p>\u201cEste es el primero de muchos encuentros y con el que queda establecida anualmente esta celebraci\u00f3n, la&nbsp; cual se apresta a ser m\u00e1s amplia cada vez, con la incorporaci\u00f3n de artistas &nbsp;de otros pa\u00edses, los cuales no pudieron estar presente, debido a compromisos contra\u00eddos con anterioridad\u201d expreso Herasme, en el estudio B de la YMCA, donde se realiz\u00f3 el encuentro, en ocasi\u00f3n de conmemorarse el 22 de noviembre el D\u00eda de Santa Cecilia, patrona de los m\u00fasicos.<\/p>\n\n\n\n<p>De inmediato el vicec\u00f3nsul, Licdo. Virgilio Garc\u00eda, presentado por la Periodista Ruth de los Santos, disert\u00f3 acerca del origen del Dia del m\u00fasico, realizando un recorrido de la historia de la m\u00fasica desde la prehistoria hasta el siglo XXI. inici\u00f3 explicando que se celebra el D\u00eda del m\u00fasico el 22 de noviembre debido a que la Iglesia Cat<a>\u00f3<\/a>lica festeja en este d\u00eda la muerte de&nbsp;Santa Cecilia, patrona de los m\u00fasicos, nombrada en 1594 por el Papa Gregorio XIII, porque hab\u00eda demostrado una atracci\u00f3n irresistible hacia los acordes melodiosos de los instrumentos.<\/p>\n\n\n\n<p>\u201cEsta m\u00e1rtir cristiana fue retratada en el siglo XV por los artistas de la \u00e9poca, siempre tocando el arpa u otros instrumentos musicales, por lo que se le ha vinculado tanto a este arte de la m\u00fasica\u201d manifest\u00f3 Garc\u00eda, agregando&nbsp; que las primeras celebraciones del d\u00eda del m\u00fasico se remontan a Edimburgo en 1695 y posteriormente se unieron pa\u00edses como Alemania, Espa\u00f1a y Francia, mientras que en Am\u00e9rica Latina, Brasil fue pionero en celebrar una fiesta el 22 de noviembre, comenzando entre 1919 o 1920, extendi\u00e9ndose posteriormente al resto de los pa\u00edses iberoamericanos.<\/p>\n\n\n\n<p>Cncluida la primera charla, el artista a mostrar su arte a trav\u00e9s de la salsa: \u201cHeridas\u201d, fue Nelson Mart\u00ednez, para de inmediato dar paso a karlin Castillo, quien interpret\u00f3 tres de sus temas, entre ellos su&nbsp; promocional: \u201cla Llor\u00e9 en el Rio\u201d, dando paso de inmediato a la disertaci\u00f3n y actuaci\u00f3n del cantautor y terapeuta musical, ecuatoriano Boris Llerena, quien tuvo la responsabilidad de desarrollar el impacto psicol\u00f3gico de la m\u00fasica.<\/p>\n\n\n\n<p>Llerena hizo terapia con todos los asistentes, a quienes obsequio adem\u00e1s peque\u00f1os instrumentos musicales. De manera particular seleccionados entre otros: Ana Lucia Ortega, el Diputado de Ultramar, Doctor Ram\u00f3n Ceballos y la vicec\u00f3nsul Saghie Balc\u00e1cer, quien incluso comparti\u00f3 parte de su experiencia sobre el tema:<\/p>\n\n\n\n<p>\u201cLa m\u00fasica es muy importante en mi vida. A los 7 a\u00f1os inici\u00e9 clases de piano, y en ese momento no me gustaba para nada, sobre todo me encontraba muy tediosas las clases de solfeo. Sin embargo, a medida que fue pasando el tiempo y fui creciendo, me di cuenta de la influencia de la m\u00fasica en mi comportamiento.<\/p>\n\n\n\n<p>Me gradu\u00e9 de la Escuela Elemental de M\u00fasica Elila Mena, estudi\u00e9 2 a\u00f1os en el Conservatorio Nacional de M\u00fasica en la Rep\u00fablica Dominicana, y fui un verano a Berklee College of Music en Boston. En fin, aunque me falta mucho por aprender, siempre he estado cerca de la educaci\u00f3n musical, continu\u00f3 Saghie.<\/p>\n\n\n\n<p>\u201cA trav\u00e9s del piano fui desarrollando la memoria, la audici\u00f3n, la creatividad, y la imaginaci\u00f3n, fui regulando el estr\u00e9s,&nbsp; y evocando experiencias y recuerdos. Es sorprendente como al escuchar o interpretar ciertas canciones me transporto&nbsp; a lugares muy especiales. Me imagino que a muchos de ustedes les pasa:&nbsp; hay canciones que alegran, otras que&nbsp; entristecen, y es incre\u00edble como en cuesti\u00f3n de segundos, la melod\u00eda que estamos escuchando, puede cambiar nuestro estado de \u00e1nimo\u201d.<\/p>\n\n\n\n<p>\u201cEl otro d\u00eda en el trabajo, de repente me entr\u00f3 una tristeza. Y pens\u00e9: Dios m\u00edo y qu\u00e9 ser\u00e1 lo que me pasa?&nbsp; yo estoy en salud, mi familia est\u00e1 en salud, mis amigos est\u00e1n en salud. No tengo raz\u00f3n por la cual sentirme as\u00ed. Y en eso hubo un silencio, y me di cuenta que una compa\u00f1era de trabajo ten\u00eda puesta una canci\u00f3n super triste y le dije: est\u00e1 muy temprano para ese \u201camargue\u201d. Pon una canci\u00f3n m\u00e1s alegre!!! O sea que hasta escuchar m\u00fasica de fondo puede influir en mis emociones expres\u00f3 Balc\u00e1cer.<\/p>\n\n\n\n<div class=\"wp-block-image\"><figure class=\"alignleft size-large is-resized\"><img decoding=\"async\" src=\"https:\/\/diariodominicano.com\/wp-content\/uploads\/2021\/11\/Saghie-y-publico.-Dia-int.-musico25-11-21-1024x628.jpg\" alt=\"\" class=\"wp-image-311017\" width=\"-162\" height=\"-99\" srcset=\"https:\/\/diariodominicano.com\/wp-content\/uploads\/2021\/11\/Saghie-y-publico.-Dia-int.-musico25-11-21-1024x628.jpg 1024w, https:\/\/diariodominicano.com\/wp-content\/uploads\/2021\/11\/Saghie-y-publico.-Dia-int.-musico25-11-21-300x184.jpg 300w, https:\/\/diariodominicano.com\/wp-content\/uploads\/2021\/11\/Saghie-y-publico.-Dia-int.-musico25-11-21-768x471.jpg 768w, https:\/\/diariodominicano.com\/wp-content\/uploads\/2021\/11\/Saghie-y-publico.-Dia-int.-musico25-11-21-1536x942.jpg 1536w, https:\/\/diariodominicano.com\/wp-content\/uploads\/2021\/11\/Saghie-y-publico.-Dia-int.-musico25-11-21-2048x1256.jpg 2048w, https:\/\/diariodominicano.com\/wp-content\/uploads\/2021\/11\/Saghie-y-publico.-Dia-int.-musico25-11-21-816x500.jpg 816w\" sizes=\"(max-width: 1024px) 100vw, 1024px\" \/><\/figure><\/div>\n\n\n\n<p>\u201cSin duda alguna, la m\u00fasica permite canalizar todos los sentimientos del ser humano, y hace que la persona aliviane sus penas o haga crecer su alegr\u00eda dependiendo del caso. Actualmente, estoy en clases de piano y aprendiendo t\u00e9cnicas de improvisaci\u00f3n. Y&nbsp; es que para m\u00ed, como dijo el famoso alem\u00e1n Beethoven: \u201cLa m\u00fasica es realmente la mediadora entre la vida de los sentidos y el esp\u00edritu\u201d, concluy\u00f3 Saghie.<\/p>\n\n\n\n<p>Avanzaba la noche y con ello el entusiasmo y la alegr\u00eda se pon\u00edan de manifiesto bajo la animaci\u00f3n&nbsp; de&nbsp; Ana , Ruth &nbsp;y Edwin, quienes de forma alternada presentaron a la cantante costarricense, Meme Ure\u00f1a, quien deleit\u00f3 con los temas &nbsp;Ahora resulta de su autor\u00eda, y concluy\u00f3 su participaci\u00f3n con \u201ctu dama de hierro\u201d,<\/p>\n\n\n\n<p>al m\u00fasico t\u00edpico Guillermo Guante, quien puso a bailar a todos con un popurr\u00ed a ritmo de acorde\u00f3n, mientras el Papa de la bachata amarg\u00f3 a los presentes a bachata limpia, dando paso a la cantante cubano americana Maite Rivero, para un encendido cierre, con un popurr\u00ed, despu\u00e9s del agradecimiento a colaboradores como YMCA, Rhino Radio, Luis Ortega, Amor Paz Cuba, Ra\u00fal Gilbert, Openingdoorstolife, Jos\u00e9 Castillo, Jos\u00e9 Rodr\u00edguez, Jes\u00fas G\u00f3mez, al actor y Director teatral, Dante Castillo, as\u00ed como a los comunicadores Barbie Fit y Rafael Calder\u00f3n<\/p>\n\n\n\n<p>La Directiva 2021-2023 integrada adem\u00e1s de Herasme por: Am\u00e9rica Tejeda, vicepresidenta; Yeimi\u00a0 \u00a0Nin Tineo, relaciones p\u00fablicas; Ana Luc\u00eda Ortega, educaci\u00f3n y cultura; Ruth de los Santos, relaciones internacionales; los comunicadores Edwin Abreu, asuntos sociales; Fernando Delgado, secretario de finanzas; asesores Julio Mart\u00ednez y Marcos Tejeda, recuerda que : \u201cSomos la suma de todos, por lo que dirigiremos para todos, contando con todos\u201d.<\/p>\n\n\n\n<figure class=\"wp-block-table\"><table><tbody><tr><td>  Fuente:  <strong>Dellanira Herasme<\/strong>\u00a0<\/td><\/tr><\/tbody><\/table><\/figure>\n\n\n\n<p> <\/p>\n","protected":false},"excerpt":{"rendered":"<p>diariodominicano.com Miami, FL, 25 de noviembre, 2021.- La Asociaci\u00f3n de Cronistas de Arte de la Rep\u00fablica Dominicana Acroarte, filial Florida, con el apoyo de Village of Allapathah YMCA OF South Florida, la participaci\u00f3n de artistas de varios pa\u00edses, autoridades, comunitarios y allegados, celebr\u00f3 el conversatorio: \u201cOrigen del d\u00eda del m\u00fasico e impacto psicol\u00f3gico de la [&hellip;]<\/p>\n","protected":false},"author":5,"featured_media":311016,"comment_status":"closed","ping_status":"","sticky":true,"template":"","format":"standard","meta":{"footnotes":""},"categories":[25,27],"tags":[],"class_list":["post-311015","post","type-post","status-publish","format-standard","has-post-thumbnail","hentry","category-gente","category-portada"],"_links":{"self":[{"href":"https:\/\/diariodominicano.com\/index.php?rest_route=\/wp\/v2\/posts\/311015","targetHints":{"allow":["GET"]}}],"collection":[{"href":"https:\/\/diariodominicano.com\/index.php?rest_route=\/wp\/v2\/posts"}],"about":[{"href":"https:\/\/diariodominicano.com\/index.php?rest_route=\/wp\/v2\/types\/post"}],"author":[{"embeddable":true,"href":"https:\/\/diariodominicano.com\/index.php?rest_route=\/wp\/v2\/users\/5"}],"replies":[{"embeddable":true,"href":"https:\/\/diariodominicano.com\/index.php?rest_route=%2Fwp%2Fv2%2Fcomments&post=311015"}],"version-history":[{"count":1,"href":"https:\/\/diariodominicano.com\/index.php?rest_route=\/wp\/v2\/posts\/311015\/revisions"}],"predecessor-version":[{"id":311020,"href":"https:\/\/diariodominicano.com\/index.php?rest_route=\/wp\/v2\/posts\/311015\/revisions\/311020"}],"wp:featuredmedia":[{"embeddable":true,"href":"https:\/\/diariodominicano.com\/index.php?rest_route=\/wp\/v2\/media\/311016"}],"wp:attachment":[{"href":"https:\/\/diariodominicano.com\/index.php?rest_route=%2Fwp%2Fv2%2Fmedia&parent=311015"}],"wp:term":[{"taxonomy":"category","embeddable":true,"href":"https:\/\/diariodominicano.com\/index.php?rest_route=%2Fwp%2Fv2%2Fcategories&post=311015"},{"taxonomy":"post_tag","embeddable":true,"href":"https:\/\/diariodominicano.com\/index.php?rest_route=%2Fwp%2Fv2%2Ftags&post=311015"}],"curies":[{"name":"wp","href":"https:\/\/api.w.org\/{rel}","templated":true}]}}