{"id":311012,"date":"2021-11-25T14:03:00","date_gmt":"2021-11-25T18:03:00","guid":{"rendered":"http:\/\/diariodominicano.com\/?p=311012"},"modified":"2021-11-25T14:03:00","modified_gmt":"2021-11-25T18:03:00","slug":"policia-recupera-vehiculo-reportado-como-sustraido-en-el-ano-2020","status":"publish","type":"post","link":"https:\/\/diariodominicano.com\/?p=311012","title":{"rendered":"Polic\u00eda recupera veh\u00edculo reportado como sustra\u00eddo en el a\u00f1o 2020"},"content":{"rendered":"\n<p><strong>Santiago De Los Caballeros, 25 de noviembre 2021.<\/strong> La Polic\u00eda Nacional recuper\u00f3 en el d\u00eda de ayer un veh\u00edculo que hab\u00eda sido reportado como sustra\u00eddo en esta ciudad.<\/p>\n\n\n\n<p>Se trata del carro marca Kia, modelo K5, color blanco, a\u00f1o 2014, placa No. A716945, que, tras someterlo a chequeo y verificaci\u00f3n en el departamento de recuperaci\u00f3n de veh\u00edculos robados, arroj\u00f3 que ten\u00eda el chasis alterado.<\/p>\n\n\n\n<p>La uniformada se\u00f1al\u00f3 dicho veh\u00edculo figura con denuncia de sustra\u00eddo de fecha 04-09-2020, interpuesta por el se\u00f1or Miguel \u00c1ngel Polanco De Jes\u00fas.<\/p>\n\n\n\n<p>El veh\u00edculo en menci\u00f3n se encuentra bajo el control del ministerio publico para los fines correspondientes.<\/p>\n\n\n\n<p>SUBDIRECCI\u00d3N DE COMUNICACIONES ESTRAT\u00c9GICAS,<\/p>\n\n\n\n<p>DIRECCI\u00d3N REGIONAL CIBAO CENTRAL, P.N.<\/p>\n","protected":false},"excerpt":{"rendered":"<p>Santiago De Los Caballeros, 25 de noviembre 2021. La Polic\u00eda Nacional recuper\u00f3 en el d\u00eda de ayer un veh\u00edculo que hab\u00eda sido reportado como sustra\u00eddo en esta ciudad. Se trata del carro marca Kia, modelo K5, color blanco, a\u00f1o 2014, placa No. A716945, que, tras someterlo a chequeo y verificaci\u00f3n en el departamento de recuperaci\u00f3n [&hellip;]<\/p>\n","protected":false},"author":2,"featured_media":311018,"comment_status":"closed","ping_status":"","sticky":true,"template":"","format":"standard","meta":{"footnotes":""},"categories":[24,27],"tags":[],"class_list":["post-311012","post","type-post","status-publish","format-standard","has-post-thumbnail","hentry","category-justicia-y-derecho","category-portada"],"_links":{"self":[{"href":"https:\/\/diariodominicano.com\/index.php?rest_route=\/wp\/v2\/posts\/311012","targetHints":{"allow":["GET"]}}],"collection":[{"href":"https:\/\/diariodominicano.com\/index.php?rest_route=\/wp\/v2\/posts"}],"about":[{"href":"https:\/\/diariodominicano.com\/index.php?rest_route=\/wp\/v2\/types\/post"}],"author":[{"embeddable":true,"href":"https:\/\/diariodominicano.com\/index.php?rest_route=\/wp\/v2\/users\/2"}],"replies":[{"embeddable":true,"href":"https:\/\/diariodominicano.com\/index.php?rest_route=%2Fwp%2Fv2%2Fcomments&post=311012"}],"version-history":[{"count":1,"href":"https:\/\/diariodominicano.com\/index.php?rest_route=\/wp\/v2\/posts\/311012\/revisions"}],"predecessor-version":[{"id":311019,"href":"https:\/\/diariodominicano.com\/index.php?rest_route=\/wp\/v2\/posts\/311012\/revisions\/311019"}],"wp:featuredmedia":[{"embeddable":true,"href":"https:\/\/diariodominicano.com\/index.php?rest_route=\/wp\/v2\/media\/311018"}],"wp:attachment":[{"href":"https:\/\/diariodominicano.com\/index.php?rest_route=%2Fwp%2Fv2%2Fmedia&parent=311012"}],"wp:term":[{"taxonomy":"category","embeddable":true,"href":"https:\/\/diariodominicano.com\/index.php?rest_route=%2Fwp%2Fv2%2Fcategories&post=311012"},{"taxonomy":"post_tag","embeddable":true,"href":"https:\/\/diariodominicano.com\/index.php?rest_route=%2Fwp%2Fv2%2Ftags&post=311012"}],"curies":[{"name":"wp","href":"https:\/\/api.w.org\/{rel}","templated":true}]}}