{"id":310997,"date":"2021-11-25T12:26:31","date_gmt":"2021-11-25T16:26:31","guid":{"rendered":"http:\/\/diariodominicano.com\/?p=310997"},"modified":"2021-11-25T12:26:31","modified_gmt":"2021-11-25T16:26:31","slug":"mujeres-militares-comandan-tradicional-izada-de-bandera-en-el-mide","status":"publish","type":"post","link":"https:\/\/diariodominicano.com\/?p=310997","title":{"rendered":"Mujeres militares comandan tradicional izada de bandera en el MIDE"},"content":{"rendered":"\n<p>diariodominicano.com<\/p>\n\n\n\n<p>Santo Domingo, R. D.,  25 de noviembre, 2021.- El Ministerio de Defensa conmemora con su tradicional izada de banderas el \u201cD\u00eda Internacional de la Eliminaci\u00f3n de la Violencia contra la Mujer\u201d, acto donde se resalta el liderazgo, el don de mando y otras cualidades de la mujer.<\/p>\n\n\n\n<p>Durante el ceremonial, la primera teniente Alba Montero Rojas, ERD, comand\u00f3 las tropas del Regimiento Guardia de Honor del MIDE, mostrando las capacidades de trabajo y responsabilidad que tiene la mujer en las filas militares.<\/p>\n\n\n\n<p>La ceremonia fue encabezada por el ministro de Defensa, teniente general Carlos Luciano D\u00edaz Morfa, ERD., acompa\u00f1ado de una comisi\u00f3n de oficiales del Estado Mayor General, el Estado Mayor Conjunto de las Fuerzas Armadas y damas militares de las tres fuerzas, quienes se colocaron junto a \u00e9l en la misma l\u00ednea de honor a la ense\u00f1a tricolor.<\/p>\n\n\n\n<p>La abogada Dominga Mad\u00e9 Zabala, teniente coronel FARD, directora de Equidad y G\u00e9nero del MIDE, enfatiz\u00f3 los avances alcanzados en la lucha contra la erradicaci\u00f3n de la violencia de g\u00e9nero e intrafamiliar, a trav\u00e9s de los diferentes programas y ciclo de charlas, para contribuir con la formaci\u00f3n del personal femenino de las instituciones militares.<\/p>\n\n\n\n<p>El teniente general D\u00edaz Morfa, ERD, exalt\u00f3 el trabajo que con valent\u00eda y entrega ejercen cada d\u00eda las mujeres militares dominicanas, en las diversas posiciones de mando que ocupan, y gan\u00e1ndose el respeto por parte de sus compa\u00f1eros de armas.<\/p>\n\n\n\n<p>Fuente: Direcci\u00f3n de Estrategia y Comunicaci\u00f3n Gubernamental<\/p>\n\n\n\n<p>Ministerio Administrativo de la Presidencia de la Rep\u00fablica Dominicana<\/p>\n","protected":false},"excerpt":{"rendered":"<p>diariodominicano.com Santo Domingo, R. D., 25 de noviembre, 2021.- El Ministerio de Defensa conmemora con su tradicional izada de banderas el \u201cD\u00eda Internacional de la Eliminaci\u00f3n de la Violencia contra la Mujer\u201d, acto donde se resalta el liderazgo, el don de mando y otras cualidades de la mujer. Durante el ceremonial, la primera teniente Alba [&hellip;]<\/p>\n","protected":false},"author":5,"featured_media":311002,"comment_status":"closed","ping_status":"","sticky":true,"template":"","format":"standard","meta":{"footnotes":""},"categories":[20,27],"tags":[],"class_list":["post-310997","post","type-post","status-publish","format-standard","has-post-thumbnail","hentry","category-dominicana-hoy","category-portada"],"_links":{"self":[{"href":"https:\/\/diariodominicano.com\/index.php?rest_route=\/wp\/v2\/posts\/310997","targetHints":{"allow":["GET"]}}],"collection":[{"href":"https:\/\/diariodominicano.com\/index.php?rest_route=\/wp\/v2\/posts"}],"about":[{"href":"https:\/\/diariodominicano.com\/index.php?rest_route=\/wp\/v2\/types\/post"}],"author":[{"embeddable":true,"href":"https:\/\/diariodominicano.com\/index.php?rest_route=\/wp\/v2\/users\/5"}],"replies":[{"embeddable":true,"href":"https:\/\/diariodominicano.com\/index.php?rest_route=%2Fwp%2Fv2%2Fcomments&post=310997"}],"version-history":[{"count":1,"href":"https:\/\/diariodominicano.com\/index.php?rest_route=\/wp\/v2\/posts\/310997\/revisions"}],"predecessor-version":[{"id":311003,"href":"https:\/\/diariodominicano.com\/index.php?rest_route=\/wp\/v2\/posts\/310997\/revisions\/311003"}],"wp:featuredmedia":[{"embeddable":true,"href":"https:\/\/diariodominicano.com\/index.php?rest_route=\/wp\/v2\/media\/311002"}],"wp:attachment":[{"href":"https:\/\/diariodominicano.com\/index.php?rest_route=%2Fwp%2Fv2%2Fmedia&parent=310997"}],"wp:term":[{"taxonomy":"category","embeddable":true,"href":"https:\/\/diariodominicano.com\/index.php?rest_route=%2Fwp%2Fv2%2Fcategories&post=310997"},{"taxonomy":"post_tag","embeddable":true,"href":"https:\/\/diariodominicano.com\/index.php?rest_route=%2Fwp%2Fv2%2Ftags&post=310997"}],"curies":[{"name":"wp","href":"https:\/\/api.w.org\/{rel}","templated":true}]}}