{"id":310994,"date":"2021-11-25T12:18:52","date_gmt":"2021-11-25T16:18:52","guid":{"rendered":"http:\/\/diariodominicano.com\/?p=310994"},"modified":"2021-11-25T12:18:52","modified_gmt":"2021-11-25T16:18:52","slug":"reciente-impulso-de-biden-sobre-precios-de-energia-lo-aleja-de-objetivo-climatico-dice-periodico","status":"publish","type":"post","link":"https:\/\/diariodominicano.com\/?p=310994","title":{"rendered":"Reciente impulso de Biden sobre precios de energ\u00eda lo aleja de objetivo clim\u00e1tico, dice peri\u00f3dico"},"content":{"rendered":"\n<p>diariodominicano.com<a rel=\"noreferrer noopener\" href=\"https:\/\/www.xinhua-news.com\/gdsdetailxhs\/share\/10648277-?pageflag=iframe\" target=\"_blank\"><\/a><\/p>\n\n\n\n<pre id=\"text-news-description\" class=\"wp-block-preformatted\">   WASHINGTON, 25 nov (Xinhua) -- Las acciones recientes del presidente estadounidense Joe Biden para bajar los precios de la energ\u00eda est\u00e1n \"socavando sus elevados objetivos clim\u00e1ticos\", analiz\u00f3 The Washington Post.\n   En un art\u00edculo publicado el martes, el medio de comunicaci\u00f3n estadounidense se\u00f1al\u00f3 algunas de las acciones contradictorias de la administraci\u00f3n Biden en medio de un dilema entre las necesidades a corto plazo de la econom\u00eda, las presiones de la pol\u00edtica interna y el objetivo de emisiones a m\u00e1s largo plazo.\n   \"\u00c9l planea una liberaci\u00f3n de la Reserva Estrat\u00e9gica de Petr\u00f3leo estadounidense que ha coordinado con China y con otras grandes naciones consumidoras de energ\u00eda. Tambi\u00e9n est\u00e1 presionando a la Comisi\u00f3n Federal de Comercio para que examine si las compa\u00f1\u00edas de gas est\u00e1n cobrando demasiado y est\u00e1 liderando un esfuerzo global para presionar a los pa\u00edses productores a que aumenten la producci\u00f3n\", dijo el art\u00edculo.\n   Esas medidas, junto con una reciente subasta gubernamental de derechos de extracci\u00f3n de petr\u00f3leo en el Golfo de M\u00e9xico, est\u00e1n \"provocando advertencias de los ambientalistas de que el impulso de Biden para bajar los precios de la energ\u00eda est\u00e1 socavando sus elevados objetivos clim\u00e1ticos, a los que considera como una pieza central de su legado\".<\/pre>\n","protected":false},"excerpt":{"rendered":"<p>diariodominicano.com WASHINGTON, 25 nov (Xinhua) &#8212; Las acciones recientes del presidente estadounidense Joe Biden para bajar los precios de la energ\u00eda est\u00e1n \u00absocavando sus elevados objetivos clim\u00e1ticos\u00bb, analiz\u00f3 The Washington Post. En un art\u00edculo publicado el martes, el medio de comunicaci\u00f3n estadounidense se\u00f1al\u00f3 algunas de las acciones contradictorias de la administraci\u00f3n Biden en medio de [&hellip;]<\/p>\n","protected":false},"author":5,"featured_media":310995,"comment_status":"closed","ping_status":"","sticky":true,"template":"","format":"standard","meta":{"footnotes":""},"categories":[23,27],"tags":[],"class_list":["post-310994","post","type-post","status-publish","format-standard","has-post-thumbnail","hentry","category-internacional","category-portada"],"_links":{"self":[{"href":"https:\/\/diariodominicano.com\/index.php?rest_route=\/wp\/v2\/posts\/310994","targetHints":{"allow":["GET"]}}],"collection":[{"href":"https:\/\/diariodominicano.com\/index.php?rest_route=\/wp\/v2\/posts"}],"about":[{"href":"https:\/\/diariodominicano.com\/index.php?rest_route=\/wp\/v2\/types\/post"}],"author":[{"embeddable":true,"href":"https:\/\/diariodominicano.com\/index.php?rest_route=\/wp\/v2\/users\/5"}],"replies":[{"embeddable":true,"href":"https:\/\/diariodominicano.com\/index.php?rest_route=%2Fwp%2Fv2%2Fcomments&post=310994"}],"version-history":[{"count":1,"href":"https:\/\/diariodominicano.com\/index.php?rest_route=\/wp\/v2\/posts\/310994\/revisions"}],"predecessor-version":[{"id":310996,"href":"https:\/\/diariodominicano.com\/index.php?rest_route=\/wp\/v2\/posts\/310994\/revisions\/310996"}],"wp:featuredmedia":[{"embeddable":true,"href":"https:\/\/diariodominicano.com\/index.php?rest_route=\/wp\/v2\/media\/310995"}],"wp:attachment":[{"href":"https:\/\/diariodominicano.com\/index.php?rest_route=%2Fwp%2Fv2%2Fmedia&parent=310994"}],"wp:term":[{"taxonomy":"category","embeddable":true,"href":"https:\/\/diariodominicano.com\/index.php?rest_route=%2Fwp%2Fv2%2Fcategories&post=310994"},{"taxonomy":"post_tag","embeddable":true,"href":"https:\/\/diariodominicano.com\/index.php?rest_route=%2Fwp%2Fv2%2Ftags&post=310994"}],"curies":[{"name":"wp","href":"https:\/\/api.w.org\/{rel}","templated":true}]}}