{"id":310978,"date":"2021-11-25T09:07:13","date_gmt":"2021-11-25T13:07:13","guid":{"rendered":"http:\/\/diariodominicano.com\/?p=310978"},"modified":"2021-11-25T09:07:13","modified_gmt":"2021-11-25T13:07:13","slug":"violencia-contra-las-mujeres-tres-historias-de-fuerza-y-supervivencia","status":"publish","type":"post","link":"https:\/\/diariodominicano.com\/?p=310978","title":{"rendered":"Violencia contra las mujeres: tres historias de fuerza y supervivencia"},"content":{"rendered":"\n<p>diariodominicano.com<\/p>\n\n\n\n<p>New York, 25 de noviembre, 2021 (Noticias ONU).-  Los conflictos, las crisis humanitarias y las crecientes cat\u00e1strofes clim\u00e1ticas han provocado un aumento de los niveles de violencia contra las mujeres y las ni\u00f1as, que no ha hecho m\u00e1s que empeorar durante la pandemia del COVID-19, poniendo de manifiesto la urgente necesidad de atajar esta lacra.<\/p>\n\n\n\n<p>En todo el mundo, casi una de cada tres mujeres ha sido v\u00edctima de la violencia, y las crisis est\u00e1n aumentando a\u00fan m\u00e1s las cifras.<\/p>\n\n\n\n<p>Un<a href=\"https:\/\/data.unwomen.org\/publications\/vaw-rga\">&nbsp;estudio reci\u00e9n publicado<\/a>&nbsp;por&nbsp;<a href=\"http:\/\/www.unwomen.org\/es\">ONU Mujeres<\/a>, publicado con motivo del&nbsp;<a href=\"https:\/\/www.un.org\/es\/observances\/ending-violence-against-women-day\">D\u00eda Internacional de la Eliminaci\u00f3n de la Violencia contra la Mujer<\/a>, que se celebra este 25 de noviembre, destaca que casi una de cada dos mujeres ha sufrido o conoce a otra que ha experimentado alguna forma de violencia desde el inicio de la pandemia de&nbsp;<a href=\"https:\/\/news.un.org\/es\/events\/cobertura-especial-de-noticias-onu-sobre-el-coronavirus\">COVID-19<\/a>. Cerca del&nbsp;<strong>25% de las mujeres se siente menos segura en el hogar<\/strong>&nbsp;y los conflictos familiares han aumentado desde el inicio de la emergencia sanitaria.<\/p>\n\n\n\n<p>La violencia de g\u00e9nero, la violaci\u00f3n m\u00e1s generalizada de los derechos humanos, no es ni natural ni inevitable, y debe prevenirse.<\/p>\n\n\n\n<p>Con motivo de los&nbsp;<a href=\"https:\/\/www.unwomen.org\/es\/what-we-do\/ending-violence-against-women\/take-action\/16-days-of-activism\">16 D\u00edas de Activismo contra la violencia de g<\/a>\u00e9nero, ONU Mujeres presenta las voces de tres supervivientes, cuyos nombres se han cambiado para proteger su identidad. Tenga en cuenta que cada perfil incluye descripciones de violencia de g\u00e9nero.&nbsp;<\/p>\n\n\n\n<h2 class=\"wp-block-heading\">\u201cConvencida\u00bb de que la matar\u00edan<\/h2>\n\n\n\n<p>En la provincia argentina de Chaco, Diana, de 48 a\u00f1os y madre de siete hijos, sufri\u00f3 durante 28 a\u00f1os hasta que finalmente decidi\u00f3 separarse de su maltratador.<\/p>\n\n\n\n<p>\u00ab<strong>No ten\u00eda miedo de que me pegara, sino que estaba convencida de que me matar\u00eda\u00bb<\/strong>, explica.<\/p>\n\n\n\n<div class=\"wp-block-image\"><figure class=\"alignleft size-large is-resized\"><img loading=\"lazy\" decoding=\"async\" src=\"https:\/\/diariodominicano.com\/wp-content\/uploads\/2021\/11\/protestadeMujeres25-11-21-1024x461.jpg\" alt=\"\" class=\"wp-image-310980\" width=\"388\" height=\"174\" srcset=\"https:\/\/diariodominicano.com\/wp-content\/uploads\/2021\/11\/protestadeMujeres25-11-21-1024x461.jpg 1024w, https:\/\/diariodominicano.com\/wp-content\/uploads\/2021\/11\/protestadeMujeres25-11-21-300x135.jpg 300w, https:\/\/diariodominicano.com\/wp-content\/uploads\/2021\/11\/protestadeMujeres25-11-21-768x346.jpg 768w, https:\/\/diariodominicano.com\/wp-content\/uploads\/2021\/11\/protestadeMujeres25-11-21-816x367.jpg 816w, https:\/\/diariodominicano.com\/wp-content\/uploads\/2021\/11\/protestadeMujeres25-11-21.jpg 1178w\" sizes=\"auto, (max-width: 388px) 100vw, 388px\" \/><figcaption>Spotlight Initiative\/Agostina Chiodi<br>Protesta de mujeres en las calles de Argentina contra la violencia machista.<\/figcaption><\/figure><\/div>\n\n\n\n<p>Al principio, dud\u00f3 en presentar una denuncia ante la polic\u00eda por miedo a c\u00f3mo podr\u00eda reaccionar \u00e9l, pero a medida que fue conociendo los servicios de un centro de acogida local, se dio cuenta de que pod\u00eda escapar de su torturador. Tambi\u00e9n decidi\u00f3 presentar una denuncia.<\/p>\n\n\n\n<p>Al vivir con un padre maltratador,\u00a0<strong>sus hijos tambi\u00e9n sufr\u00edan estr\u00e9s<\/strong>\u00a0y dificultades econ\u00f3micas.<\/p>\n\n\n\n<p>Salir no fue f\u00e1cil, pero con el apoyo de los trabajadores sociales, un refugio local y un espacio seguro para recuperarse, Diana consigui\u00f3 un trabajo como asistente administrativa en una oficina municipal.<\/p>\n\n\n\n<p>\u00abReconozco que fue dif\u00edcil, pero con terapia, ayuda legal y la formaci\u00f3n en habilidades, me recuper\u00e9\u00bb, explic\u00f3.<\/p>\n\n\n\n<p>Los servicios esenciales para las supervivientes de la violencia dom\u00e9stica son un salvavidas.<\/p>\n\n\n\n<p>\u00abYa no me siento prisionera, acorralada o traicionada. Hay tantas cosas por las que una pasa como v\u00edctima, incluido el maltrato psicol\u00f3gico, pero ahora s\u00e9 que puedo lograr cualquier cosa que me proponga\u00bb.<\/p>\n\n\n\n<p>Diana es una de las\u00a0<strong>199 mujeres supervivientes alojadas en un refugio<\/strong>\u00a0afiliado a la Red Interamericana de Refugios, apoyada por ONU Mujeres a trav\u00e9s de la\u00a0<a href=\"https:\/\/www.spotlightinitiative.org\/es\">Iniciativa Spotlight<\/a>\u00a0en Am\u00e9rica Latina. El refugio tambi\u00e9n ha proporcionado apoyo psicosocial y asistencia legal a m\u00e1s de 1057 mujeres desde 2017.<\/p>\n\n\n\n<p>Una ardua batalla con la familia pol\u00edtica<\/p>\n\n\n\n<div class=\"wp-block-image\"><figure class=\"alignleft size-large is-resized\"><img loading=\"lazy\" decoding=\"async\" src=\"https:\/\/diariodominicano.com\/wp-content\/uploads\/2021\/11\/Mujeresen-Kenia25-11-21-1024x464.jpg\" alt=\"\" class=\"wp-image-310981\" width=\"394\" height=\"178\" srcset=\"https:\/\/diariodominicano.com\/wp-content\/uploads\/2021\/11\/Mujeresen-Kenia25-11-21-1024x464.jpg 1024w, https:\/\/diariodominicano.com\/wp-content\/uploads\/2021\/11\/Mujeresen-Kenia25-11-21-300x136.jpg 300w, https:\/\/diariodominicano.com\/wp-content\/uploads\/2021\/11\/Mujeresen-Kenia25-11-21-768x348.jpg 768w, https:\/\/diariodominicano.com\/wp-content\/uploads\/2021\/11\/Mujeresen-Kenia25-11-21-816x370.jpg 816w, https:\/\/diariodominicano.com\/wp-content\/uploads\/2021\/11\/Mujeresen-Kenia25-11-21.jpg 1170w\" sizes=\"auto, (max-width: 394px) 100vw, 394px\" \/><figcaption>ONU Mujeres\/Luke Horswell<br>Goretti Ondola (derecha) habla con Caren Omanga, del Centro de Justicia Social de Nyando, en Kenia.<\/figcaption><\/figure><\/div>\n\n\n\n<p>Goretti regres\u00f3 al oeste de Kenia en 2001 para enterrar a su marido y, tal y como dicta la cultura local, se qued\u00f3 en la casa de su familia.<\/p>\n\n\n\n<p>\u00abPero no me daban comida. Me quitaron todo lo que hab\u00eda tra\u00eddo de Nairobi -ropa, enseres- y lo repartieron entre la familia\u00bb, relata.<\/p>\n\n\n\n<p>Durante casi 20 a\u00f1os tras la muerte de su marido,&nbsp;<strong>Goretti se vio atrapada en una vida de abusos hasta que sus suegros la golpearon tanto que la hospitalizaron y no pudo trabajar<\/strong>.<\/p>\n\n\n\n<p>Temerosa de acudir a la polic\u00eda, Goretti se puso en contacto con un defensor de los derechos humanos local, que la ayud\u00f3 a recibir atenci\u00f3n m\u00e9dica y a denunciar el caso ante las autoridades locales.<\/p>\n\n\n\n<p>Sin embargo, pronto descubri\u00f3 que sus suegros ya hab\u00edan forjado con la polic\u00eda un acuerdo en su nombre para retirar el caso.<\/p>\n\n\n\n<p><strong>\u00abPero yo no s\u00e9 ni escribir<\/strong>\u00ab, dijo Goretti.<\/p>\n\n\n\n<p>Los defensores de los derechos humanos en Kenia suelen ser los primeros en responder a las violaciones, incluida la violencia de g\u00e9nero. Desde 2019, ONU Mujeres y la Oficina del Alto Comisionado de las Naciones Unidas para los Derechos Humanos han apoyado a las organizaciones de base que ofrecen formaci\u00f3n jur\u00eddica y desarrollo de capacidades para ayudar mejor a las supervivientes.<\/p>\n\n\n\n<p>Adem\u00e1s de denunciar el asunto a la polic\u00eda local y a los tribunales, la defensora de los derechos humanos Caren Omanga, que recibi\u00f3 formaci\u00f3n de una de estas organizaciones, tambi\u00e9n se puso en contacto con los ancianos locales.<\/p>\n\n\n\n<p>\u00abEstuve a punto de ser detenida cuando me enfrent\u00e9 al oficial a cargo\u00bb, explic\u00f3 Omanga. Pero sabiendo que la comunidad estar\u00eda en contra de Goretti, inici\u00f3 \u00abel proceso de resoluci\u00f3n alternativa de conflictos, mientras llevaba el caso a los tribunales\u00bb.<\/p>\n\n\n\n<p>Finalmente, con su caso resuelto fuera de los tribunales, Goretti recibi\u00f3 un acuerdo por el que se le conced\u00eda la propiedad y el t\u00edtulo de la tierra que hab\u00eda perdido en su dote matrimonial, y los agresores se vieron obligados a pagar multas para evitar la c\u00e1rcel.<\/p>\n\n\n\n<p>\u00ab<strong>Es como empezar una nueva vida despu\u00e9s de 20 a\u00f1os,<\/strong>\u00a0y mi hijo se siente m\u00e1s seguro&#8230; Estoy pensando en plantar algunos \u00e1rboles para salvaguardar la parcela y construir un gallinero\u00bb, explic\u00f3.<\/p>\n\n\n\n<p>Concienciaci\u00f3n<\/p>\n\n\n\n<p>En Moldavia, el acoso y la violencia sexual son temas tab\u00faes y, por miedo a la culpa o a la estigmatizaci\u00f3n, las v\u00edctimas rara vez denuncian los incidentes.<\/p>\n\n\n\n<p>A los 14 a\u00f1os, Milena fue violada por su novio en Chisinau. Ella no era consciente de que su violaci\u00f3n era una agresi\u00f3n sexual y sigui\u00f3 viendo a su agresor durante otros seis meses antes de romper. Luego trat\u00f3 de olvidarlo.<\/p>\n\n\n\n<p><strong>\u00abEste recuerdo qued\u00f3 bloqueado, como si no hubiera pasado nada\u00bb,<\/strong>&nbsp;hasta dos a\u00f1os despu\u00e9s, al ver un v\u00eddeo de Instagram que desencaden\u00f3 recuerdos de su propia agresi\u00f3n, dijo.<\/p>\n\n\n\n<p>Casi uno de cada cinco hombres en Moldavia ha abusado sexualmente de una ni\u00f1a o una mujer, incluso en relaciones rom\u00e1nticas, seg\u00fan una investigaci\u00f3n de 2019 publicada por ONU Mujeres.<\/p>\n\n\n\n<p>Decidida a entender lo que le hab\u00eda sucedido, Milena aprendi\u00f3 m\u00e1s sobre el acoso y el abuso sexual, y m\u00e1s tarde comenz\u00f3 a crear conciencia en su comunidad.<\/p>\n\n\n\n<p>El a\u00f1o pasado, se uni\u00f3 a un programa de tutor\u00eda para j\u00f3venes de ONU Mujeres, donde recibi\u00f3 formaci\u00f3n sobre igualdad de g\u00e9nero y derechos humanos y aprendi\u00f3 a identificar los abusos y a desafiar los comentarios sexistas y el acoso.<\/p>\n\n\n\n<p>Milena pas\u00f3 a elaborar una gu\u00eda de autoayuda para supervivientes de la violencia sexual, que, con informaci\u00f3n de supervivientes de entre 12 y 21 a\u00f1os, ofrece orientaci\u00f3n pr\u00e1ctica para buscar ayuda, denunciar los abusos y acceder a recursos de recuperaci\u00f3n del trauma.<\/p>\n\n\n\n<p>En una cultura en la que se suele culpar a las v\u00edctimas, impidiendo que quienes lo necesitan reciban ayuda, el programa de tutor\u00eda se centra en los valores feministas y la diversidad, y aborda las causas fundamentales de las desigualdades y los estereotipos de g\u00e9nero que perpet\u00faan la violencia de g\u00e9nero y la discriminaci\u00f3n.<\/p>\n\n\n\n<p>\u00abEl programa ha demostrado que e<strong>l activismo y el compromiso de los j\u00f3venes es clave&nbsp;<\/strong>para eliminar las desigualdades de g\u00e9nero en nuestras sociedades\u00bb, explic\u00f3 Dominika Stojanoska, representante de ONU Mujeres en Moldavia.<\/p>\n\n\n\n<p>Fuente:  \u00a0Estas historias fueron publicadas originalmente por ONU Mujeres.<\/p>\n","protected":false},"excerpt":{"rendered":"<p>ONU Mujeres\/Mohammed Bakir<br \/>\nTras sufrir en una relaci\u00f3n violenta y abusiva, Layla Bennani acudi\u00f3 a la polic\u00eda, acompa\u00f1ada de una amiga<\/p>\n","protected":false},"author":5,"featured_media":310979,"comment_status":"closed","ping_status":"","sticky":true,"template":"","format":"standard","meta":{"footnotes":""},"categories":[23,27],"tags":[],"class_list":["post-310978","post","type-post","status-publish","format-standard","has-post-thumbnail","hentry","category-internacional","category-portada"],"_links":{"self":[{"href":"https:\/\/diariodominicano.com\/index.php?rest_route=\/wp\/v2\/posts\/310978","targetHints":{"allow":["GET"]}}],"collection":[{"href":"https:\/\/diariodominicano.com\/index.php?rest_route=\/wp\/v2\/posts"}],"about":[{"href":"https:\/\/diariodominicano.com\/index.php?rest_route=\/wp\/v2\/types\/post"}],"author":[{"embeddable":true,"href":"https:\/\/diariodominicano.com\/index.php?rest_route=\/wp\/v2\/users\/5"}],"replies":[{"embeddable":true,"href":"https:\/\/diariodominicano.com\/index.php?rest_route=%2Fwp%2Fv2%2Fcomments&post=310978"}],"version-history":[{"count":1,"href":"https:\/\/diariodominicano.com\/index.php?rest_route=\/wp\/v2\/posts\/310978\/revisions"}],"predecessor-version":[{"id":310982,"href":"https:\/\/diariodominicano.com\/index.php?rest_route=\/wp\/v2\/posts\/310978\/revisions\/310982"}],"wp:featuredmedia":[{"embeddable":true,"href":"https:\/\/diariodominicano.com\/index.php?rest_route=\/wp\/v2\/media\/310979"}],"wp:attachment":[{"href":"https:\/\/diariodominicano.com\/index.php?rest_route=%2Fwp%2Fv2%2Fmedia&parent=310978"}],"wp:term":[{"taxonomy":"category","embeddable":true,"href":"https:\/\/diariodominicano.com\/index.php?rest_route=%2Fwp%2Fv2%2Fcategories&post=310978"},{"taxonomy":"post_tag","embeddable":true,"href":"https:\/\/diariodominicano.com\/index.php?rest_route=%2Fwp%2Fv2%2Ftags&post=310978"}],"curies":[{"name":"wp","href":"https:\/\/api.w.org\/{rel}","templated":true}]}}