{"id":310965,"date":"2021-11-25T08:27:46","date_gmt":"2021-11-25T12:27:46","guid":{"rendered":"http:\/\/diariodominicano.com\/?p=310965"},"modified":"2021-11-25T08:27:46","modified_gmt":"2021-11-25T12:27:46","slug":"save-the-children-dominicana-participa-en-reunion-de-alto-nivel-de-naciones-unidas-para-el-combate-de-la-trata-de-personas","status":"publish","type":"post","link":"https:\/\/diariodominicano.com\/?p=310965","title":{"rendered":"Save the Children Dominicana participa en Reuni\u00f3n de Alto Nivel de Naciones Unidas para el Combate de la Trata de personas"},"content":{"rendered":"\n<p>diariodominicano.com<\/p>\n\n\n\n<p><strong><em>La delegaci\u00f3n dominicana presidida por el Canciller Roberto \u00c1lvarez, presentaron el compromiso asumido por RD contra la trata de y la protecci\u00f3n de ni\u00f1os y ni\u00f1as<\/em><\/strong><\/p>\n\n\n\n<p><strong>Santo Domingo, R. D.,  25 de noviembre, 2021.-<\/strong>\u00a0Save the Children particip\u00f3 durante dos d\u00edas en la reuni\u00f3n de alto nivel de La Asamblea General de las Naciones Unidas, sobre el Plan de Acci\u00f3n Global para combatir la trata de personas.\u00a0<\/p>\n\n\n\n<p>Invitados por el Embajador Permanente ante las Naciones Unidas de la Rep\u00fablica Dominicana, Jos\u00e9 Blanco, y acompa\u00f1ando la ponencia del ministro de Exteriores Roberto \u00c1lvarez en relaci\u00f3n con los compromisos asumidos por la Rep\u00fablica Dominicana en la lucha contra la trata y la protecci\u00f3n de ni\u00f1os y ni\u00f1as, Save the Children estuvo representada por su Presidente de Concejo, Sr. Juan Tomas D\u00edaz, quien resalt\u00f3 el compromiso del organismo en apoyar esta causa.&nbsp;<\/p>\n\n\n\n<p>\u201cNuestro compromiso es continuar desarrollando intervenciones dirigidas a prevenir la trata con fines de explotaci\u00f3n sexual de ni\u00f1os y ni\u00f1as en zonas industriales y tur\u00edsticas, apoyando el fortalecimiento del sistema de protecci\u00f3n para la atenci\u00f3n a v\u00edctimas y generando alianzas con el sector privado para garantizar la protecci\u00f3n de nuestros ni\u00f1os y ni\u00f1as aportando a la implementaci\u00f3n del Plan Nacional de Acci\u00f3n contra la Trata\u201d, destac\u00f3 Juan Tomas Diaz presidente de Save the Children Dominicana.<\/p>\n\n\n\n<p>Asimismo, el ministro de Exteriores Roberto \u00c1lvarez puntualiz\u00f3 que ha sido aprobada una nueva ley que proh\u00edbe el matrimonio infantil, que tambi\u00e9n es importante para evitar que las ni\u00f1as se conviertan en v\u00edctimas de la trata; y que est\u00e1n aumentando las casas de acogida para las v\u00edctimas de este flagelo. \u201cAdem\u00e1s, un abordaje integral de este fen\u00f3meno incluye garantizar a las v\u00edctimas el acceso inmediato a los servicios necesarios\u201d, agreg\u00f3.&nbsp;<\/p>\n\n\n\n<p>Cabe destacar que desde Save the Children Dominicana se trabaja desde 2017\u00a0en la prevenci\u00f3n y eliminaci\u00f3n de la trata de ni\u00f1os, ni\u00f1as y adolescentes con fines de explotaci\u00f3n sexual comercial con el apoyo de la Uni\u00f3n Europea, Ayuntamiento de Madrid y Save the Children Espa\u00f1a, en coordinaci\u00f3n con los actores estatales garantes de la protecci\u00f3n, atenci\u00f3n y sanci\u00f3n del delito de trata y la protecci\u00f3n de ni\u00f1os, ni\u00f1as y adolescentes y junto con el sector privado en el desarrollo de estrategias de cumplimientos social desde las empresas para apoyar la protecci\u00f3n de la ni\u00f1ez contra la trata y la explotaci\u00f3n.\u00a0<\/p>\n\n\n\n<p>  <\/p>\n\n\n\n<figure class=\"wp-block-table\"><table><tbody><tr><td>Fuente:   <strong>Henry Coradin<\/strong><\/td><\/tr><\/tbody><\/table><\/figure>\n","protected":false},"excerpt":{"rendered":"<p>diariodominicano.com La delegaci\u00f3n dominicana presidida por el Canciller Roberto \u00c1lvarez, presentaron el compromiso asumido por RD contra la trata de y la protecci\u00f3n de ni\u00f1os y ni\u00f1as Santo Domingo, R. D., 25 de noviembre, 2021.-\u00a0Save the Children particip\u00f3 durante dos d\u00edas en la reuni\u00f3n de alto nivel de La Asamblea General de las Naciones Unidas, [&hellip;]<\/p>\n","protected":false},"author":5,"featured_media":310969,"comment_status":"closed","ping_status":"","sticky":true,"template":"","format":"standard","meta":{"footnotes":""},"categories":[20,27],"tags":[],"class_list":["post-310965","post","type-post","status-publish","format-standard","has-post-thumbnail","hentry","category-dominicana-hoy","category-portada"],"_links":{"self":[{"href":"https:\/\/diariodominicano.com\/index.php?rest_route=\/wp\/v2\/posts\/310965","targetHints":{"allow":["GET"]}}],"collection":[{"href":"https:\/\/diariodominicano.com\/index.php?rest_route=\/wp\/v2\/posts"}],"about":[{"href":"https:\/\/diariodominicano.com\/index.php?rest_route=\/wp\/v2\/types\/post"}],"author":[{"embeddable":true,"href":"https:\/\/diariodominicano.com\/index.php?rest_route=\/wp\/v2\/users\/5"}],"replies":[{"embeddable":true,"href":"https:\/\/diariodominicano.com\/index.php?rest_route=%2Fwp%2Fv2%2Fcomments&post=310965"}],"version-history":[{"count":1,"href":"https:\/\/diariodominicano.com\/index.php?rest_route=\/wp\/v2\/posts\/310965\/revisions"}],"predecessor-version":[{"id":310970,"href":"https:\/\/diariodominicano.com\/index.php?rest_route=\/wp\/v2\/posts\/310965\/revisions\/310970"}],"wp:featuredmedia":[{"embeddable":true,"href":"https:\/\/diariodominicano.com\/index.php?rest_route=\/wp\/v2\/media\/310969"}],"wp:attachment":[{"href":"https:\/\/diariodominicano.com\/index.php?rest_route=%2Fwp%2Fv2%2Fmedia&parent=310965"}],"wp:term":[{"taxonomy":"category","embeddable":true,"href":"https:\/\/diariodominicano.com\/index.php?rest_route=%2Fwp%2Fv2%2Fcategories&post=310965"},{"taxonomy":"post_tag","embeddable":true,"href":"https:\/\/diariodominicano.com\/index.php?rest_route=%2Fwp%2Fv2%2Ftags&post=310965"}],"curies":[{"name":"wp","href":"https:\/\/api.w.org\/{rel}","templated":true}]}}