{"id":310929,"date":"2021-11-24T23:55:59","date_gmt":"2021-11-25T03:55:59","guid":{"rendered":"http:\/\/diariodominicano.com\/?p=310929"},"modified":"2021-11-24T23:55:59","modified_gmt":"2021-11-25T03:55:59","slug":"conep-respalda-operaciones-militares-para-garantizar-seguridad-en-la-frontera-2","status":"publish","type":"post","link":"https:\/\/diariodominicano.com\/?p=310929","title":{"rendered":"CONEP respalda operaciones militares para garantizar seguridad en la frontera"},"content":{"rendered":"\n<p>diariodominicano.com<\/p>\n\n\n\n<p>Santo Domingo, 24 de noviembre, 2021.- El Consejo Nacional de la Empresa Privada (CONEP) respalda las operaciones que realizan las Fuerzas Armadas para garantizar la seguridad en la l\u00ednea lim\u00edtrofe con Hait\u00ed, controlar la migraci\u00f3n irregular y evitar el contrabando de mercanc\u00edas.<\/p>\n\n\n\n<p>As\u00ed lo manifestaron dirigentes empresariales al ministro de Defensa, teniente general Carlos Luciano D\u00edaz Morfa, ERD., quien particip\u00f3 en el encuentro semanal de su junta de directores.<\/p>\n\n\n\n<p>\u201cNosotros respaldamos las acciones desplegadas por los hombres y mujeres que conforman las Fuerzas Armadas, quienes d\u00eda a d\u00eda defienden, protegen y resguardan el territorio nacional\u201d, manifestaron los dirigentes empresariales que participaron en el encuentro.<\/p>\n\n\n\n<p>En la reuni\u00f3n, el ministro D\u00edaz Morfa ofreci\u00f3 detalles de los planes y operaciones militares, as\u00ed como del desenvolvimiento de las misiones que realizan los cuerpos castrenses en las provincias de la zona fronteriza de norte a sur, desde la provincia Montecristi hasta Pedernales.<\/p>\n\n\n\n<p>Durante el encuentro el ministro de Defensa se hizo acompa\u00f1ar de los generales de Brigada, Jorge Iv\u00e1n Camino P\u00e9rez, director de Inteligencia J-2 y Rafael A. N\u00fa\u00f1ez Veloz, director de Operaciones J-3, del Estado Mayor Conjunto del Ministerio de Defensa (MIDE), respectivamente.<\/p>\n\n\n\n<p>Fuente: Direcci\u00f3n de Estrategia y Comunicaci\u00f3n Gubernamental<\/p>\n\n\n\n<p>Ministerio Administrativo de la Presidencia de la Rep\u00fablica Dominicana<\/p>\n","protected":false},"excerpt":{"rendered":"<p>diariodominicano.com Santo Domingo, 24 de noviembre, 2021.- El Consejo Nacional de la Empresa Privada (CONEP) respalda las operaciones que realizan las Fuerzas Armadas para garantizar la seguridad en la l\u00ednea lim\u00edtrofe con Hait\u00ed, controlar la migraci\u00f3n irregular y evitar el contrabando de mercanc\u00edas. As\u00ed lo manifestaron dirigentes empresariales al ministro de Defensa, teniente general Carlos [&hellip;]<\/p>\n","protected":false},"author":5,"featured_media":310932,"comment_status":"closed","ping_status":"","sticky":true,"template":"","format":"standard","meta":{"footnotes":""},"categories":[20,27],"tags":[],"class_list":["post-310929","post","type-post","status-publish","format-standard","has-post-thumbnail","hentry","category-dominicana-hoy","category-portada"],"_links":{"self":[{"href":"https:\/\/diariodominicano.com\/index.php?rest_route=\/wp\/v2\/posts\/310929","targetHints":{"allow":["GET"]}}],"collection":[{"href":"https:\/\/diariodominicano.com\/index.php?rest_route=\/wp\/v2\/posts"}],"about":[{"href":"https:\/\/diariodominicano.com\/index.php?rest_route=\/wp\/v2\/types\/post"}],"author":[{"embeddable":true,"href":"https:\/\/diariodominicano.com\/index.php?rest_route=\/wp\/v2\/users\/5"}],"replies":[{"embeddable":true,"href":"https:\/\/diariodominicano.com\/index.php?rest_route=%2Fwp%2Fv2%2Fcomments&post=310929"}],"version-history":[{"count":1,"href":"https:\/\/diariodominicano.com\/index.php?rest_route=\/wp\/v2\/posts\/310929\/revisions"}],"predecessor-version":[{"id":310933,"href":"https:\/\/diariodominicano.com\/index.php?rest_route=\/wp\/v2\/posts\/310929\/revisions\/310933"}],"wp:featuredmedia":[{"embeddable":true,"href":"https:\/\/diariodominicano.com\/index.php?rest_route=\/wp\/v2\/media\/310932"}],"wp:attachment":[{"href":"https:\/\/diariodominicano.com\/index.php?rest_route=%2Fwp%2Fv2%2Fmedia&parent=310929"}],"wp:term":[{"taxonomy":"category","embeddable":true,"href":"https:\/\/diariodominicano.com\/index.php?rest_route=%2Fwp%2Fv2%2Fcategories&post=310929"},{"taxonomy":"post_tag","embeddable":true,"href":"https:\/\/diariodominicano.com\/index.php?rest_route=%2Fwp%2Fv2%2Ftags&post=310929"}],"curies":[{"name":"wp","href":"https:\/\/api.w.org\/{rel}","templated":true}]}}