{"id":310906,"date":"2021-11-24T23:39:45","date_gmt":"2021-11-25T03:39:45","guid":{"rendered":"http:\/\/diariodominicano.com\/?p=310906"},"modified":"2021-11-24T23:39:45","modified_gmt":"2021-11-25T03:39:45","slug":"republica-dominicana-sede-de-la-ii-reunion-de-responsables-de-cooperacion","status":"publish","type":"post","link":"https:\/\/diariodominicano.com\/?p=310906","title":{"rendered":"Rep\u00fablica Dominicana sede de la II Reuni\u00f3n de Responsables de Cooperaci\u00f3n"},"content":{"rendered":"\n<p>diariodominicano.com<\/p>\n\n\n\n<p>Santo Domingo, R. D.,  24 de noviembre, 2021.- La Rep\u00fablica Dominicana es sede de la II Reuni\u00f3n de Coordinadores Nacionales y Responsables de Cooperaci\u00f3n ante la Secretar\u00eda General Iberoamericana (SEGIB), como parte de la preparaci\u00f3n de la XXVIII Cumbre Iberoamericana de Jefes de Estados y de Gobierno que ser\u00e1 realizada en el pa\u00eds en 2022, bajo el lema Juntos por una Iberoam\u00e9rica Justa y Sostenible.<\/p>\n\n\n\n<p>La viceministra de Cooperaci\u00f3n Internacional Olaya Dotel, al pronunciar las palabras de bienvenida, indic\u00f3 que para el pa\u00eds es de mucha satisfacci\u00f3n ser parte de este espacio iberoamericano, en el cual la cooperaci\u00f3n juega un rol importante. La expresi\u00f3n de solidaridad entre nuestras naciones promueve la colaboraci\u00f3n, el trabajo conjunto, el aprendizaje mutuo y la confianza, pilares que nos permitir\u00e1n afrontar los retos que como regi\u00f3n enfrentamos.<\/p>\n\n\n\n<p>La sesi\u00f3n conjunta estuvo encabezada por la viceministra Dotel, quien tambi\u00e9n es responsable de cooperaci\u00f3n ante Iberoam\u00e9rica del ministerio de Econom\u00eda, Planificaci\u00f3n y Desarrollo y Ordenadora Nacional de los Fondos Europeos para el Desarrollo; Marcos Pinta Gama, secretario general Iberoamericano ad interim, y Rub\u00e9n Sili\u00e9, viceministro de Pol\u00edtica Exterior y coordinador nacional multilateral del Ministerio de Relaciones Exteriores.<\/p>\n\n\n\n<p>En ese sentido, la viceministra, en su calidad de responsable de Cooperaci\u00f3n Iberoamericana ante la Secretar\u00eda&nbsp;<em>Pro tempore<\/em>&nbsp;de la Secretar\u00eda General de Iberoam\u00e9rica por la Rep\u00fablica Dominicana, modera la II Reuni\u00f3n de Responsables de Cooperaci\u00f3n junto a Mar\u00eda Andrea Alb\u00e1n, secretaria para la Cooperaci\u00f3n Iberoamericana de la SEGIB, y Lidia Encarnaci\u00f3n, directora de Cooperaci\u00f3n Regional, a la vez responsable de Cooperaci\u00f3n Adjunta del Ministerio de Econom\u00eda, Planificaci\u00f3n y Desarrollo.<\/p>\n\n\n\n<p>El valor de la cooperaci\u00f3n iberoamericana va en beneficio de la regi\u00f3n y el rol estrat\u00e9gico que se debe desempe\u00f1ar como responsables de cooperaci\u00f3n, representando cada uno de nuestros pa\u00edses, para analizar problem\u00e1ticas comunes que nos afectan, aunque de manera diferenciada, y buscar soluciones conjuntas hacia el logro de los Objetivos de Desarrollo Sostenible, en beneficio de todas y todos, sostuvo la viceministra Dotel.<\/p>\n\n\n\n<p>La funcionaria se\u00f1al\u00f3 que&nbsp; la cooperaci\u00f3n internacional es un instrumento para avanzar en la agenda global, por lo que est\u00e1 llamada a jugar un rol como modelo \u00fanico de cooperaci\u00f3n, gracias a su enfoque regional multidimensional y multiactor, que fomenta la cooperaci\u00f3n \u201cSur-Sur\u201d y triangular, como instrumentos id\u00f3neos para el desarrollo y bienestar de los ciudadanos de nuestros respectivos pa\u00edses<\/p>\n\n\n\n<p>En el c\u00f3nclave ser\u00e1 realizada la revisi\u00f3n de los p\u00e1rrafos de cooperaci\u00f3n de la declaraci\u00f3n de los cancilleres y el Plan Iberoamericano de Gastronom\u00eda Sostenible (PIGA 2030), el cual toma en cuenta la complejidad del tema de la gastronom\u00eda y la alimentaci\u00f3n desde un enfoque de desarrollo sostenible, sobre todo en el contexto de la actual crisis derivada por la COVID 19.<\/p>\n\n\n\n<p>Adem\u00e1s, comienza la reflexi\u00f3n del dise\u00f1o del III Plan de Acci\u00f3n Cuatrienal de la Cooperaci\u00f3n Iberoamericana (PACCI) 2023-2026, que se estar\u00e1 elaborando durante el 2022 y la formaci\u00f3n del grupo de trabajo que impulsar\u00e1 este proceso, liderado por la Secretar\u00eda&nbsp;<em>Pro tempore<\/em>&nbsp;que ostenta la Rep\u00fablica Dominicana.<\/p>\n\n\n\n<p>La viceministra agradeci\u00f3 el compromiso que muestran los pa\u00edses integrantes de la Secretar\u00eda General Iberoamericana, a trav\u00e9s de los Responsables de Cooperaci\u00f3n, en pro del fortalecimiento del espacio Iberoamericano, lo cual permite la reflexi\u00f3n conjunta y la b\u00fasqueda de soluciones a problem\u00e1ticas comunes en beneficio de toda la regi\u00f3n, al tiempo que expres\u00f3 la satisfacci\u00f3n de poder recibir a las delegaciones en al pa\u00eds.<\/p>\n\n\n\n<p>La comunidad iberoamericana est\u00e1 integrada por los organismos internacionales de los siguientes pa\u00edses: Andorra, Argentina, Bolivia, Brasil, Colombia, Costa Rica, Cuba, Chile, Ecuador, El Salvador, Espa\u00f1a, Guatemala, Honduras, M\u00e9xico, Nicaragua, Panam\u00e1, Paraguay, Per\u00fa, Portugal, Uruguay, Venezuela y Rep\u00fablica Dominicana<\/p>\n\n\n\n<p>Fuente: Direcci\u00f3n de Estrategia y Comunicaci\u00f3n Gubernamental<\/p>\n\n\n\n<p>Ministerio Administrativo de la Presidencia de la Rep\u00fablica Dominicana<\/p>\n","protected":false},"excerpt":{"rendered":"<p>diariodominicano.com Santo Domingo, R. D., 24 de noviembre, 2021.- La Rep\u00fablica Dominicana es sede de la II Reuni\u00f3n de Coordinadores Nacionales y Responsables de Cooperaci\u00f3n ante la Secretar\u00eda General Iberoamericana (SEGIB), como parte de la preparaci\u00f3n de la XXVIII Cumbre Iberoamericana de Jefes de Estados y de Gobierno que ser\u00e1 realizada en el pa\u00eds en [&hellip;]<\/p>\n","protected":false},"author":5,"featured_media":310913,"comment_status":"closed","ping_status":"","sticky":true,"template":"","format":"standard","meta":{"footnotes":""},"categories":[20,27],"tags":[],"class_list":["post-310906","post","type-post","status-publish","format-standard","has-post-thumbnail","hentry","category-dominicana-hoy","category-portada"],"_links":{"self":[{"href":"https:\/\/diariodominicano.com\/index.php?rest_route=\/wp\/v2\/posts\/310906","targetHints":{"allow":["GET"]}}],"collection":[{"href":"https:\/\/diariodominicano.com\/index.php?rest_route=\/wp\/v2\/posts"}],"about":[{"href":"https:\/\/diariodominicano.com\/index.php?rest_route=\/wp\/v2\/types\/post"}],"author":[{"embeddable":true,"href":"https:\/\/diariodominicano.com\/index.php?rest_route=\/wp\/v2\/users\/5"}],"replies":[{"embeddable":true,"href":"https:\/\/diariodominicano.com\/index.php?rest_route=%2Fwp%2Fv2%2Fcomments&post=310906"}],"version-history":[{"count":1,"href":"https:\/\/diariodominicano.com\/index.php?rest_route=\/wp\/v2\/posts\/310906\/revisions"}],"predecessor-version":[{"id":310914,"href":"https:\/\/diariodominicano.com\/index.php?rest_route=\/wp\/v2\/posts\/310906\/revisions\/310914"}],"wp:featuredmedia":[{"embeddable":true,"href":"https:\/\/diariodominicano.com\/index.php?rest_route=\/wp\/v2\/media\/310913"}],"wp:attachment":[{"href":"https:\/\/diariodominicano.com\/index.php?rest_route=%2Fwp%2Fv2%2Fmedia&parent=310906"}],"wp:term":[{"taxonomy":"category","embeddable":true,"href":"https:\/\/diariodominicano.com\/index.php?rest_route=%2Fwp%2Fv2%2Fcategories&post=310906"},{"taxonomy":"post_tag","embeddable":true,"href":"https:\/\/diariodominicano.com\/index.php?rest_route=%2Fwp%2Fv2%2Ftags&post=310906"}],"curies":[{"name":"wp","href":"https:\/\/api.w.org\/{rel}","templated":true}]}}