{"id":310902,"date":"2021-11-24T23:36:16","date_gmt":"2021-11-25T03:36:16","guid":{"rendered":"http:\/\/diariodominicano.com\/?p=310902"},"modified":"2021-11-24T23:36:16","modified_gmt":"2021-11-25T03:36:16","slug":"polonia-echr-carece-de-jurisdiccion-en-nombramiento-de-jueces-polacos","status":"publish","type":"post","link":"https:\/\/diariodominicano.com\/?p=310902","title":{"rendered":"Polonia: ECHR carece de jurisdicci\u00f3n en nombramiento de jueces polacos"},"content":{"rendered":"\n<p>diariodominicano.com<\/p>\n\n\n\n<pre id=\"text-news-description\" class=\"wp-block-preformatted\">   VARSOVIA, 24 nov (Xinhua) -- El Tribunal Constitucional de Polonia determin\u00f3 hoy que el Tribunal Europeo de Derechos Humanos (ECHR, por sus siglas en ingl\u00e9s) no tiene jurisdicci\u00f3n sobre el nombramiento de sus jueces, con lo que de hecho ignora un fallo emitido en mayo por el ECHR.\n   De acuerdo con la presidenta del tribunal, Julia Przylebska, el Art\u00edculo 6\u00b0 del Convenio Europeo de Derechos Humanos, en la medida en que incluye el Tribunal Constitucional en su definici\u00f3n de un tribunal, es no compatible.\n   El fallo emitido en mayo por el ECHR estipul\u00f3 que uno de los jueces del Tribunal Constitucional fue colocado de forma ilegal, lo que neg\u00f3 a una compa\u00f1\u00eda a una audiencia justa.\n   Sin embargo, el tribunal afirma que el ECHR no tiene autoridad sobre la instituci\u00f3n. De acuerdo con su razonamiento, el tribunal no es un tribunal en el sentido del Convenio Europeo de Derechos Humanos. El caso fue presentado por el ministro de Justicia de Polonia, Zbigniew Ziobro.\n   El Tribunal Constitucional de Polonia, que seg\u00fan cr\u00edticos en el pa\u00eds y en el extranjero est\u00e1 lleno de aliados pol\u00edticos del partido gobernante conservador Ley y Justicia, ya hab\u00eda causado una crisis legal en Europa al afirmar a inicios de octubre que parte de las leyes europeas no se ajustan a la Constituci\u00f3n de Polonia.\n   Polonia ha sido criticada por sus socios de la Uni\u00f3n Europea por socavar el Estado de derecho al politizar sus tribunales y endurecer el control sobre los jueces.\n   El Gobierno polaco afirma que sus modificaciones judiciales son necesarias. \"Actualmente, el Estado de derecho ha triunfado sobre la usurpaci\u00f3n de competencias\", public\u00f3 hoy en Twitter el viceministro de Justicia, Michal Wojcik.\n   \"El fallo de hoy del Tribunal Constitucional polaco no tiene precedentes y plantea graves inquietudes\", dijo Marija Pejcinovic Buric, secretaria general del Consejo de Europa. \"Evaluaremos cuidadosamente el razonamiento del fallo y sus efectos\".\n   El ECHR, con sede en Estrasburgo, Francia, fue formado despu\u00e9s de la Segunda Guerra Mundial y decide sobre casos relacionados con la convenci\u00f3n. Sus fallos aplican a todos los Estados miembros del Consejo de Europa.<\/pre>\n","protected":false},"excerpt":{"rendered":"<p>diariodominicano.com VARSOVIA, 24 nov (Xinhua) &#8212; El Tribunal Constitucional de Polonia determin\u00f3 hoy que el Tribunal Europeo de Derechos Humanos (ECHR, por sus siglas en ingl\u00e9s) no tiene jurisdicci\u00f3n sobre el nombramiento de sus jueces, con lo que de hecho ignora un fallo emitido en mayo por el ECHR. De acuerdo con la presidenta del [&hellip;]<\/p>\n","protected":false},"author":5,"featured_media":310904,"comment_status":"closed","ping_status":"","sticky":true,"template":"","format":"standard","meta":{"footnotes":""},"categories":[23,27],"tags":[],"class_list":["post-310902","post","type-post","status-publish","format-standard","has-post-thumbnail","hentry","category-internacional","category-portada"],"_links":{"self":[{"href":"https:\/\/diariodominicano.com\/index.php?rest_route=\/wp\/v2\/posts\/310902","targetHints":{"allow":["GET"]}}],"collection":[{"href":"https:\/\/diariodominicano.com\/index.php?rest_route=\/wp\/v2\/posts"}],"about":[{"href":"https:\/\/diariodominicano.com\/index.php?rest_route=\/wp\/v2\/types\/post"}],"author":[{"embeddable":true,"href":"https:\/\/diariodominicano.com\/index.php?rest_route=\/wp\/v2\/users\/5"}],"replies":[{"embeddable":true,"href":"https:\/\/diariodominicano.com\/index.php?rest_route=%2Fwp%2Fv2%2Fcomments&post=310902"}],"version-history":[{"count":1,"href":"https:\/\/diariodominicano.com\/index.php?rest_route=\/wp\/v2\/posts\/310902\/revisions"}],"predecessor-version":[{"id":310905,"href":"https:\/\/diariodominicano.com\/index.php?rest_route=\/wp\/v2\/posts\/310902\/revisions\/310905"}],"wp:featuredmedia":[{"embeddable":true,"href":"https:\/\/diariodominicano.com\/index.php?rest_route=\/wp\/v2\/media\/310904"}],"wp:attachment":[{"href":"https:\/\/diariodominicano.com\/index.php?rest_route=%2Fwp%2Fv2%2Fmedia&parent=310902"}],"wp:term":[{"taxonomy":"category","embeddable":true,"href":"https:\/\/diariodominicano.com\/index.php?rest_route=%2Fwp%2Fv2%2Fcategories&post=310902"},{"taxonomy":"post_tag","embeddable":true,"href":"https:\/\/diariodominicano.com\/index.php?rest_route=%2Fwp%2Fv2%2Ftags&post=310902"}],"curies":[{"name":"wp","href":"https:\/\/api.w.org\/{rel}","templated":true}]}}