{"id":310888,"date":"2021-11-24T23:18:54","date_gmt":"2021-11-25T03:18:54","guid":{"rendered":"http:\/\/diariodominicano.com\/?p=310888"},"modified":"2021-11-24T23:18:54","modified_gmt":"2021-11-25T03:18:54","slug":"duque-onu-y-ex-guerrilla-de-las-farc-destacan-implementacion-de-acuerdos-de-paz-de-colombia-tras-cinco-anos","status":"publish","type":"post","link":"https:\/\/diariodominicano.com\/?p=310888","title":{"rendered":"Duque, ONU y ex guerrilla de las FARC destacan implementaci\u00f3n de acuerdos de paz de Colombia tras cinco a\u00f1os"},"content":{"rendered":"\n<p>diariodominicano.com<\/p>\n\n\n\n<pre id=\"text-news-description\" class=\"wp-block-preformatted\">   BOGOT\u00c1, 24 nov (Xinhua) -- El presidente colombiano, Iv\u00e1n Duque, destac\u00f3 hoy la implementaci\u00f3n de los acuerdos de paz con la desmovilizada guerrilla de las Fuerzas Armadas Revolucionarias de Colombia (FARC), que pusieron fin a m\u00e1s de 50 a\u00f1os de conflicto armado, en momentos en que se conmemoran cinco a\u00f1os de las tratativas.\n   \"La paz con legalidad es una realidad, y qu\u00e9 bueno que entendamos que, al no tener propietarios y ser tambi\u00e9n parte de una construcci\u00f3n colectiva, que reconozcamos lo que se construye entre todos: los triunfos de Colombia son de todos los ciudadanos, y aqu\u00ed lo \u00fanico que importa es que cuando se construye la paz estemos sembrando alegr\u00eda en el coraz\u00f3n de cada ciudadano\", declar\u00f3 el mandatario.\n   El anuncio de Duque fue hecho durante un acto organizado por el tribunal de la Justicia Especial para la Paz, en el que estuvo presente el secretario de la Organizaci\u00f3n de Naciones Unidas (ONU), Ant\u00f3nio Guterres; el otrora m\u00e1ximo l\u00edder de las FARC, Rodrigo Londo\u00f1o; el ex presidente colombiano, Juan Manuel Santos, y v\u00edctimas de los rebeldes, entre otros.\n   \"La paz, como lo he dicho tantas veces, no tiene due\u00f1o; el tren de la paz no le pertenece sino al pueblo colombiano, establecido en la Constituci\u00f3n, en ese bello art\u00edculo 22 y, por eso, me siento tambi\u00e9n en el deber de hacer referencia a que en la construcci\u00f3n de la paz tambi\u00e9n tenemos que enviar mensajes claros a quienes quieren, desde la violencia, seguir arrebat\u00e1ndole la tranquilidad a Colombia\", expres\u00f3 Duque.\n   \"Alcanzar la paz significa la ausencia de violencia, alcanzar la paz significa el triunfo de la convivencia, alcanzar la paz significa que en nuestro pa\u00eds nadie se sienta en situaci\u00f3n de indefensi\u00f3n y temor por las razones de su pensamiento, de sus creencias, de sus actividades\", agreg\u00f3.\n   En su turno, Londo\u00f1o reiter\u00f3 que esa organizaci\u00f3n, que entreg\u00f3 sus armas en 2016, ha pedido perd\u00f3n a las v\u00edctimas.\n  \"Insistimos en pedir perd\u00f3n a las v\u00edctimas de nuestras acciones durante el conflicto. La comprensi\u00f3n de su dolor crece a diario en nosotros y nos llena de aflicci\u00f3n y verg\u00fcenza. Firmamos la paz para que nunca se vuelvan a repetir hechos como los que sufrieron\", expres\u00f3.\n   En tanto, Santos, quien firm\u00f3 la paz con la guerrilla, destac\u00f3 que tanto el gobierno como los ex guerrilleros han podido cumplir con la implementaci\u00f3n de los acuerdos de paz.\n   \"Tengo que reconocer que Rodrigo Londo\u00f1o ha cumplido con su palabra, cuando dijo el d\u00eda que nos conocimos: que su compromiso a partir de ese momento era trabajar para consolidar la paz (...) El presidente Duque se 'mont\u00f3 en el tren de la paz' como lo hemos visto con mucha satisfacci\u00f3n \u00faltimamente\", dijo el ex mandatario.\n   Guterres celebr\u00f3 la implementaci\u00f3n de los acuerdos de paz que fueron firmados hace cinco a\u00f1os entre las partes.\n   \"Podemos afirmar con confianza que la implementaci\u00f3n del proceso de paz est\u00e1 echando ra\u00edces profundadas. El quinto aniversario es un testimonio del compromiso de las partes, pero tambi\u00e9n de las instituciones del Estado y de la vibrante sociedad civil colombiana enfrentando todas las dificultades\", coment\u00f3.\n   Santos y Londo\u00f1o firmaron hace cinco a\u00f1os la paz durante un acto realizado en la ciudad de Cartagena de Indias (norte), donde estuvieron mandatarios de la regi\u00f3n y el entonces secretario de la ONU, Ban Ki-moon. <\/pre>\n","protected":false},"excerpt":{"rendered":"<p>diariodominicano.com BOGOT\u00c1, 24 nov (Xinhua) &#8212; El presidente colombiano, Iv\u00e1n Duque, destac\u00f3 hoy la implementaci\u00f3n de los acuerdos de paz con la desmovilizada guerrilla de las Fuerzas Armadas Revolucionarias de Colombia (FARC), que pusieron fin a m\u00e1s de 50 a\u00f1os de conflicto armado, en momentos en que se conmemoran cinco a\u00f1os de las tratativas. \u00abLa [&hellip;]<\/p>\n","protected":false},"author":5,"featured_media":310891,"comment_status":"closed","ping_status":"","sticky":true,"template":"","format":"standard","meta":{"footnotes":""},"categories":[23,27],"tags":[],"class_list":["post-310888","post","type-post","status-publish","format-standard","has-post-thumbnail","hentry","category-internacional","category-portada"],"_links":{"self":[{"href":"https:\/\/diariodominicano.com\/index.php?rest_route=\/wp\/v2\/posts\/310888","targetHints":{"allow":["GET"]}}],"collection":[{"href":"https:\/\/diariodominicano.com\/index.php?rest_route=\/wp\/v2\/posts"}],"about":[{"href":"https:\/\/diariodominicano.com\/index.php?rest_route=\/wp\/v2\/types\/post"}],"author":[{"embeddable":true,"href":"https:\/\/diariodominicano.com\/index.php?rest_route=\/wp\/v2\/users\/5"}],"replies":[{"embeddable":true,"href":"https:\/\/diariodominicano.com\/index.php?rest_route=%2Fwp%2Fv2%2Fcomments&post=310888"}],"version-history":[{"count":1,"href":"https:\/\/diariodominicano.com\/index.php?rest_route=\/wp\/v2\/posts\/310888\/revisions"}],"predecessor-version":[{"id":310892,"href":"https:\/\/diariodominicano.com\/index.php?rest_route=\/wp\/v2\/posts\/310888\/revisions\/310892"}],"wp:featuredmedia":[{"embeddable":true,"href":"https:\/\/diariodominicano.com\/index.php?rest_route=\/wp\/v2\/media\/310891"}],"wp:attachment":[{"href":"https:\/\/diariodominicano.com\/index.php?rest_route=%2Fwp%2Fv2%2Fmedia&parent=310888"}],"wp:term":[{"taxonomy":"category","embeddable":true,"href":"https:\/\/diariodominicano.com\/index.php?rest_route=%2Fwp%2Fv2%2Fcategories&post=310888"},{"taxonomy":"post_tag","embeddable":true,"href":"https:\/\/diariodominicano.com\/index.php?rest_route=%2Fwp%2Fv2%2Ftags&post=310888"}],"curies":[{"name":"wp","href":"https:\/\/api.w.org\/{rel}","templated":true}]}}