{"id":310854,"date":"2021-11-24T22:44:42","date_gmt":"2021-11-25T02:44:42","guid":{"rendered":"http:\/\/diariodominicano.com\/?p=310854"},"modified":"2021-11-24T22:44:42","modified_gmt":"2021-11-25T02:44:42","slug":"bielorrusia-abre-centro-de-medios-cerca-de-zona-de-asentamiento-de-refugiados-en-frontera","status":"publish","type":"post","link":"https:\/\/diariodominicano.com\/?p=310854","title":{"rendered":"Bielorrusia abre centro de medios cerca de zona de asentamiento de refugiados en frontera"},"content":{"rendered":"\n<p>diariodominicano.com<\/p>\n\n\n\n<pre id=\"text-news-description\" class=\"wp-block-preformatted\">   MINSK, 24 nov (Xinhua) -- Bielorrusia abri\u00f3 hoy un centro de medios cerca de la zona de asentamiento temporal de refugiados en la frontera bielorruso-polaca, indic\u00f3 la agencia noticiosa BELTA.\n   El centro de medios es una plataforma m\u00f3vil con ocho sitios de trabajo, acceso a internet y 20 asientos. Se puede ampliar en caso de ser necesario.\n   M\u00e1s de 60 organizaciones de medios de nueve pa\u00edses presentaron solicitudes para realizar filmaciones y entrevistas en la zona de asentamiento de refugiados, indic\u00f3 el primer viceministro de Informaci\u00f3n, Andrei Kuntsevich.\n   En los \u00faltimos d\u00edas, los refugiados en la frontera bielorruso-polaca han sido trasladados a refugios temporales y han recibido la ayuda alimentaria y m\u00e9dica necesaria.\n   De acuerdo con la secretaria de prensa del presidente, Natalya Eismont, hay alrededor de 7.000 refugiados en Bielorrusia, incluyendo a 2.000 en el asentamiento temporal en la frontera.\n   El 18 de noviembre, un grupo de 400 refugiados regres\u00f3 a Irak. Pero la abrumadora mayor\u00eda de los refugiados se niegan a regresar a su pa\u00eds y han pedido un corredor humanitario hacia Europa Occidental.\n   El representante oficial del Ministerio de Relaciones Exteriores de Bielorrusia, Anatoly Glaz, dijo que de conformidad con los acuerdos alcanzados entre Bielorrusia y la Uni\u00f3n Europea, un grupo de expertos de la Comisi\u00f3n Europea lleg\u00f3 el lunes a Bielorrusia para evaluar la situaci\u00f3n de los refugiados en la frontera. <\/pre>\n","protected":false},"excerpt":{"rendered":"<p>diariodominicano.com MINSK, 24 nov (Xinhua) &#8212; Bielorrusia abri\u00f3 hoy un centro de medios cerca de la zona de asentamiento temporal de refugiados en la frontera bielorruso-polaca, indic\u00f3 la agencia noticiosa BELTA. El centro de medios es una plataforma m\u00f3vil con ocho sitios de trabajo, acceso a internet y 20 asientos. Se puede ampliar en caso [&hellip;]<\/p>\n","protected":false},"author":5,"featured_media":310859,"comment_status":"closed","ping_status":"","sticky":true,"template":"","format":"standard","meta":{"footnotes":""},"categories":[23,27],"tags":[],"class_list":["post-310854","post","type-post","status-publish","format-standard","has-post-thumbnail","hentry","category-internacional","category-portada"],"_links":{"self":[{"href":"https:\/\/diariodominicano.com\/index.php?rest_route=\/wp\/v2\/posts\/310854","targetHints":{"allow":["GET"]}}],"collection":[{"href":"https:\/\/diariodominicano.com\/index.php?rest_route=\/wp\/v2\/posts"}],"about":[{"href":"https:\/\/diariodominicano.com\/index.php?rest_route=\/wp\/v2\/types\/post"}],"author":[{"embeddable":true,"href":"https:\/\/diariodominicano.com\/index.php?rest_route=\/wp\/v2\/users\/5"}],"replies":[{"embeddable":true,"href":"https:\/\/diariodominicano.com\/index.php?rest_route=%2Fwp%2Fv2%2Fcomments&post=310854"}],"version-history":[{"count":1,"href":"https:\/\/diariodominicano.com\/index.php?rest_route=\/wp\/v2\/posts\/310854\/revisions"}],"predecessor-version":[{"id":310860,"href":"https:\/\/diariodominicano.com\/index.php?rest_route=\/wp\/v2\/posts\/310854\/revisions\/310860"}],"wp:featuredmedia":[{"embeddable":true,"href":"https:\/\/diariodominicano.com\/index.php?rest_route=\/wp\/v2\/media\/310859"}],"wp:attachment":[{"href":"https:\/\/diariodominicano.com\/index.php?rest_route=%2Fwp%2Fv2%2Fmedia&parent=310854"}],"wp:term":[{"taxonomy":"category","embeddable":true,"href":"https:\/\/diariodominicano.com\/index.php?rest_route=%2Fwp%2Fv2%2Fcategories&post=310854"},{"taxonomy":"post_tag","embeddable":true,"href":"https:\/\/diariodominicano.com\/index.php?rest_route=%2Fwp%2Fv2%2Ftags&post=310854"}],"curies":[{"name":"wp","href":"https:\/\/api.w.org\/{rel}","templated":true}]}}