{"id":310845,"date":"2021-11-24T22:38:09","date_gmt":"2021-11-25T02:38:09","guid":{"rendered":"http:\/\/diariodominicano.com\/?p=310845"},"modified":"2021-11-24T22:38:09","modified_gmt":"2021-11-25T02:38:09","slug":"irak-fuerzas-extranjeras-se-retiraran-en-15-dias","status":"publish","type":"post","link":"https:\/\/diariodominicano.com\/?p=310845","title":{"rendered":"Irak: Fuerzas extranjeras se retirar\u00e1n en 15 d\u00edas"},"content":{"rendered":"\n<h3 class=\"wp-block-heading\">diariodominicano.com<a rel=\"noreferrer noopener\" href=\"https:\/\/www.xinhua-news.com\/gdsdetailxhs\/share\/10644957-?pageflag=iframe\" target=\"_blank\"><\/a><\/h3>\n\n\n\n<pre id=\"text-news-description\" class=\"wp-block-preformatted\">   BAGDAD, 24 nov (Xinhua) -- El Comando de Operaciones Conjuntas de Irak dijo hoy que las fuerzas de combate extranjeras saldr\u00e1n de Irak en un lapso de 15 d\u00edas, con excepci\u00f3n de algunos asesores que se quedar\u00e1n para apoyar a las fuerzas iraqu\u00edes.\n   El vocero del comando, Tahseen al-Khafaji, dijo a la oficial Agencia de Noticias Iraqu\u00ed que poner fin a la presencia de fuerzas extranjeras est\u00e1 avanzando de acuerdo con el plan, y que no hay ninguna base militar para ellas, con excepci\u00f3n de una presencia limitada en la base a\u00e9rea de Ayn al-Asad en la provincia occidental de Anbar.\n   Existe \"un cronograma para la entrega de armas y equipo a las fuerzas iraqu\u00edes\", a\u00f1adi\u00f3.\n   En julio, Estados Unidos e Irak entablaron una sesi\u00f3n de di\u00e1logo estrat\u00e9gico, durante la cual los dos pa\u00edses acordaron la retirada de todos los soldados de combate estadounidenses de Irak para el 31 de diciembre. <\/pre>\n\n\n\n<p><\/p>\n","protected":false},"excerpt":{"rendered":"<p>diariodominicano.com BAGDAD, 24 nov (Xinhua) &#8212; El Comando de Operaciones Conjuntas de Irak dijo hoy que las fuerzas de combate extranjeras saldr\u00e1n de Irak en un lapso de 15 d\u00edas, con excepci\u00f3n de algunos asesores que se quedar\u00e1n para apoyar a las fuerzas iraqu\u00edes. El vocero del comando, Tahseen al-Khafaji, dijo a la oficial Agencia [&hellip;]<\/p>\n","protected":false},"author":5,"featured_media":310852,"comment_status":"closed","ping_status":"","sticky":true,"template":"","format":"standard","meta":{"footnotes":""},"categories":[23,27],"tags":[],"class_list":["post-310845","post","type-post","status-publish","format-standard","has-post-thumbnail","hentry","category-internacional","category-portada"],"_links":{"self":[{"href":"https:\/\/diariodominicano.com\/index.php?rest_route=\/wp\/v2\/posts\/310845","targetHints":{"allow":["GET"]}}],"collection":[{"href":"https:\/\/diariodominicano.com\/index.php?rest_route=\/wp\/v2\/posts"}],"about":[{"href":"https:\/\/diariodominicano.com\/index.php?rest_route=\/wp\/v2\/types\/post"}],"author":[{"embeddable":true,"href":"https:\/\/diariodominicano.com\/index.php?rest_route=\/wp\/v2\/users\/5"}],"replies":[{"embeddable":true,"href":"https:\/\/diariodominicano.com\/index.php?rest_route=%2Fwp%2Fv2%2Fcomments&post=310845"}],"version-history":[{"count":1,"href":"https:\/\/diariodominicano.com\/index.php?rest_route=\/wp\/v2\/posts\/310845\/revisions"}],"predecessor-version":[{"id":310853,"href":"https:\/\/diariodominicano.com\/index.php?rest_route=\/wp\/v2\/posts\/310845\/revisions\/310853"}],"wp:featuredmedia":[{"embeddable":true,"href":"https:\/\/diariodominicano.com\/index.php?rest_route=\/wp\/v2\/media\/310852"}],"wp:attachment":[{"href":"https:\/\/diariodominicano.com\/index.php?rest_route=%2Fwp%2Fv2%2Fmedia&parent=310845"}],"wp:term":[{"taxonomy":"category","embeddable":true,"href":"https:\/\/diariodominicano.com\/index.php?rest_route=%2Fwp%2Fv2%2Fcategories&post=310845"},{"taxonomy":"post_tag","embeddable":true,"href":"https:\/\/diariodominicano.com\/index.php?rest_route=%2Fwp%2Fv2%2Ftags&post=310845"}],"curies":[{"name":"wp","href":"https:\/\/api.w.org\/{rel}","templated":true}]}}