{"id":310842,"date":"2021-11-24T22:27:53","date_gmt":"2021-11-25T02:27:53","guid":{"rendered":"http:\/\/diariodominicano.com\/?p=310842"},"modified":"2021-11-24T22:27:53","modified_gmt":"2021-11-25T02:27:53","slug":"ministerio-de-agricultura-apoya-politicas-migratorias-del-pais-sean-aplicadas-al-sector-agropecuario","status":"publish","type":"post","link":"https:\/\/diariodominicano.com\/?p=310842","title":{"rendered":"Ministerio de Agricultura apoya pol\u00edticas migratorias del pa\u00eds sean aplicadas al sector agropecuario"},"content":{"rendered":"\n<p>diariodominicano.com<\/p>\n\n\n\n<p>Santo Domingo, R. D., 24 de noviembre, 2021.-  El ministro de Agricultura, Limber Cruz, mostr\u00f3 su respaldo a las pol\u00edticas migratorias dispuestas por el presidente Luis Abinader, al considerar que la regularizaci\u00f3n de la mano de obra extranjera en los sectores productivos y agropecuarios fortalecer\u00e1 la seguridad nacional y agroalimentaria del pa\u00eds.\u00a0\u00a0Cruz garantiz\u00f3 que Agricultura realizar\u00e1 todo lo necesario para cumplir las disposiciones establecidas en la Ley 285-04 y las decisiones aprobadas por la Comisi\u00f3n Nacional de Migraci\u00f3n, en lo que respecta a la formalizaci\u00f3n del estatus migratorio de los trabajadores del campo extranjeros.\u00a0\u00a0\u00a0<\/p>\n\n\n\n<p>\u201cDesde el Ministerio de Agricultura apoyamos la regulaci\u00f3n de la mano de obra extranjera dispuesta por la Comisi\u00f3n de Migraci\u00f3n sin descuidar la seguridad alimentaria del pa\u00eds\u201d, dijo el ministro al participar en un encuentro de socializaci\u00f3n entre el Ministerio de Interior y Polic\u00eda, Trabajo, Obras P\u00fablicas, entre otras instituciones, as\u00ed como sectores agropecuarios y productivos.&nbsp;<\/p>\n\n\n\n<p>Asimismo, el titular de la cartera agropecuaria destac\u00f3 la importancia del encuentro y el compromiso de lograr que la productividad de los cultivos no se vea impactada por las disposiciones.&nbsp;&nbsp;<\/p>\n\n\n\n<p>El encuentro tuvo lugar en la sede del Ministerio de Relaciones Exteriores y participaron tambi\u00e9n representantes del sector arrocero, cacao, caf\u00e9, az\u00facar, habichuelas, vegetales y de la construcci\u00f3n. Asimismo, de la Junta Agroempresarial y la Confederaci\u00f3n Nacional de Productores Agropecuarios (Confenagro), entre otras.\u00a0\u00a0\u00a0<\/p>\n\n\n\n<figure class=\"wp-block-table\"><table><tbody><tr><td>Fuente:  <strong>Prensa Agricultura<\/strong><\/td><\/tr><\/tbody><\/table><\/figure>\n","protected":false},"excerpt":{"rendered":"<p>diariodominicano.com Santo Domingo, R. D., 24 de noviembre, 2021.- El ministro de Agricultura, Limber Cruz, mostr\u00f3 su respaldo a las pol\u00edticas migratorias dispuestas por el presidente Luis Abinader, al considerar que la regularizaci\u00f3n de la mano de obra extranjera en los sectores productivos y agropecuarios fortalecer\u00e1 la seguridad nacional y agroalimentaria del pa\u00eds.\u00a0\u00a0Cruz garantiz\u00f3 que [&hellip;]<\/p>\n","protected":false},"author":5,"featured_media":310843,"comment_status":"closed","ping_status":"","sticky":true,"template":"","format":"standard","meta":{"footnotes":""},"categories":[20,27],"tags":[],"class_list":["post-310842","post","type-post","status-publish","format-standard","has-post-thumbnail","hentry","category-dominicana-hoy","category-portada"],"_links":{"self":[{"href":"https:\/\/diariodominicano.com\/index.php?rest_route=\/wp\/v2\/posts\/310842","targetHints":{"allow":["GET"]}}],"collection":[{"href":"https:\/\/diariodominicano.com\/index.php?rest_route=\/wp\/v2\/posts"}],"about":[{"href":"https:\/\/diariodominicano.com\/index.php?rest_route=\/wp\/v2\/types\/post"}],"author":[{"embeddable":true,"href":"https:\/\/diariodominicano.com\/index.php?rest_route=\/wp\/v2\/users\/5"}],"replies":[{"embeddable":true,"href":"https:\/\/diariodominicano.com\/index.php?rest_route=%2Fwp%2Fv2%2Fcomments&post=310842"}],"version-history":[{"count":1,"href":"https:\/\/diariodominicano.com\/index.php?rest_route=\/wp\/v2\/posts\/310842\/revisions"}],"predecessor-version":[{"id":310844,"href":"https:\/\/diariodominicano.com\/index.php?rest_route=\/wp\/v2\/posts\/310842\/revisions\/310844"}],"wp:featuredmedia":[{"embeddable":true,"href":"https:\/\/diariodominicano.com\/index.php?rest_route=\/wp\/v2\/media\/310843"}],"wp:attachment":[{"href":"https:\/\/diariodominicano.com\/index.php?rest_route=%2Fwp%2Fv2%2Fmedia&parent=310842"}],"wp:term":[{"taxonomy":"category","embeddable":true,"href":"https:\/\/diariodominicano.com\/index.php?rest_route=%2Fwp%2Fv2%2Fcategories&post=310842"},{"taxonomy":"post_tag","embeddable":true,"href":"https:\/\/diariodominicano.com\/index.php?rest_route=%2Fwp%2Fv2%2Ftags&post=310842"}],"curies":[{"name":"wp","href":"https:\/\/api.w.org\/{rel}","templated":true}]}}