{"id":310839,"date":"2021-11-24T22:22:24","date_gmt":"2021-11-25T02:22:24","guid":{"rendered":"http:\/\/diariodominicano.com\/?p=310839"},"modified":"2021-11-24T22:22:24","modified_gmt":"2021-11-25T02:22:24","slug":"comedores-economicos-lanza-operativo-navideno-2021-navidad-del-cambio-que-impactara-a-250000-personas","status":"publish","type":"post","link":"https:\/\/diariodominicano.com\/?p=310839","title":{"rendered":"Comedores Econ\u00f3micos lanza operativo navide\u00f1o 2021 \u201cNavidad del Cambio\u201d que impactar\u00e1 a 250,000 personas"},"content":{"rendered":"\n<p>diariodominicano.com<\/p>\n\n\n\n<p>Santo Domingo, R. D., 24 de noviembre, 2021.- La Presidencia de la Rep\u00fablica, a trav\u00e9s de los Comedores Econ\u00f3micos del Estado, como parte de las instituciones que componen el Gabinete Social, pone en marcha el operativo navide\u00f1o \u201cNavidad del Cambio\u201d.<\/p>\n\n\n\n<p>El mismo servir\u00e1 de plataforma para distribuir alimentos navide\u00f1os cocidos y crudos a las poblaciones vulnerables a nivel nacional. Para lograrlo se han coordinado diversas actividades con diferentes organizaciones sociales como juntas de vecinos, iglesias, clubes, asociaciones campesinas, clubes de madres, entre otros.<\/p>\n\n\n\n<p>Entre los actos coordinados, hay que mencionar las 500 cenas y almuerzos navide\u00f1os que ser\u00e1n ofrecidos en encuentros populares con juntas de vecinos y organizaciones sociales en todo el territorio nacional, en beneficio de unas 250,000 personas.<\/p>\n\n\n\n<p>Otras 525,000 personas ser\u00e1n beneficiadas por la instalaci\u00f3n de 350 puntos para distribuci\u00f3n de raciones navide\u00f1as cocidas en diferentes comunidades, mediante el despliegue de cocinas m\u00f3viles y comedores fijos en barrios y municipios.<\/p>\n\n\n\n<p>El operativo contempla tambi\u00e9n el aumento a 100,000 raciones diarias de almuerzos empacados a nivel nacional durante los meses de diciembre y enero. Esta disposici\u00f3n tendr\u00e1 un alcance de 4.4 millones de raciones cocidas y 150,000 raciones crudas.<\/p>\n\n\n\n<p>Fuente: Direcci\u00f3n de Estrategia y Comunicaci\u00f3n Gubernamental<\/p>\n\n\n\n<p>Ministerio Administrativo de la Presidencia de la Rep\u00fablica Dominicana<\/p>\n","protected":false},"excerpt":{"rendered":"<p>diariodominicano.com Santo Domingo, R. D., 24 de noviembre, 2021.- La Presidencia de la Rep\u00fablica, a trav\u00e9s de los Comedores Econ\u00f3micos del Estado, como parte de las instituciones que componen el Gabinete Social, pone en marcha el operativo navide\u00f1o \u201cNavidad del Cambio\u201d. El mismo servir\u00e1 de plataforma para distribuir alimentos navide\u00f1os cocidos y crudos a las [&hellip;]<\/p>\n","protected":false},"author":5,"featured_media":310840,"comment_status":"closed","ping_status":"","sticky":true,"template":"","format":"standard","meta":{"footnotes":""},"categories":[20,27],"tags":[],"class_list":["post-310839","post","type-post","status-publish","format-standard","has-post-thumbnail","hentry","category-dominicana-hoy","category-portada"],"_links":{"self":[{"href":"https:\/\/diariodominicano.com\/index.php?rest_route=\/wp\/v2\/posts\/310839","targetHints":{"allow":["GET"]}}],"collection":[{"href":"https:\/\/diariodominicano.com\/index.php?rest_route=\/wp\/v2\/posts"}],"about":[{"href":"https:\/\/diariodominicano.com\/index.php?rest_route=\/wp\/v2\/types\/post"}],"author":[{"embeddable":true,"href":"https:\/\/diariodominicano.com\/index.php?rest_route=\/wp\/v2\/users\/5"}],"replies":[{"embeddable":true,"href":"https:\/\/diariodominicano.com\/index.php?rest_route=%2Fwp%2Fv2%2Fcomments&post=310839"}],"version-history":[{"count":1,"href":"https:\/\/diariodominicano.com\/index.php?rest_route=\/wp\/v2\/posts\/310839\/revisions"}],"predecessor-version":[{"id":310841,"href":"https:\/\/diariodominicano.com\/index.php?rest_route=\/wp\/v2\/posts\/310839\/revisions\/310841"}],"wp:featuredmedia":[{"embeddable":true,"href":"https:\/\/diariodominicano.com\/index.php?rest_route=\/wp\/v2\/media\/310840"}],"wp:attachment":[{"href":"https:\/\/diariodominicano.com\/index.php?rest_route=%2Fwp%2Fv2%2Fmedia&parent=310839"}],"wp:term":[{"taxonomy":"category","embeddable":true,"href":"https:\/\/diariodominicano.com\/index.php?rest_route=%2Fwp%2Fv2%2Fcategories&post=310839"},{"taxonomy":"post_tag","embeddable":true,"href":"https:\/\/diariodominicano.com\/index.php?rest_route=%2Fwp%2Fv2%2Ftags&post=310839"}],"curies":[{"name":"wp","href":"https:\/\/api.w.org\/{rel}","templated":true}]}}