{"id":310808,"date":"2021-11-24T15:03:52","date_gmt":"2021-11-24T19:03:52","guid":{"rendered":"http:\/\/diariodominicano.com\/?p=310808"},"modified":"2021-11-24T15:08:34","modified_gmt":"2021-11-24T19:08:34","slug":"uasd-recinto-barahona-organiza-iii-jornada-de-investigacion-cientifica","status":"publish","type":"post","link":"https:\/\/diariodominicano.com\/?p=310808","title":{"rendered":"UASD Recinto Barahona organiza III Jornada de Investigaci\u00f3n Cient\u00edfica"},"content":{"rendered":"\n<figure class=\"wp-block-table\"><table><tbody><tr><td><strong>Ohelmis S\u00e1nchez<\/strong>\u00a0<br>&lt;ohelmissanchez@gmail.com><\/td><td><img decoding=\"async\" src=\"https:\/\/mail.google.com\/mail\/u\/0\/images\/cleardot.gif\" alt=\"Adjuntos\"><\/td><td><\/td><td><img decoding=\"async\" src=\"https:\/\/mail.google.com\/mail\/u\/0\/images\/cleardot.gif\" alt=\"\"><img decoding=\"async\" src=\"https:\/\/mail.google.com\/mail\/u\/0\/images\/cleardot.gif\" alt=\"\"><\/td><\/tr><tr><td><\/td><\/tr><\/tbody><\/table><\/figure>\n\n\n\n<p><strong>BARAHONA<\/strong>: La Universidad Aut\u00f3noma de Santo Domingo Recinto Barahona, UASD-BARAHONA, anunci\u00f3 la celebraci\u00f3n de su III Jornada Interdisciplinaria de Investigaci\u00f3n cient\u00edfica para el viernes, 3 de diciembre.<\/p>\n\n\n\n<p>La actividad acad\u00e9mica estar\u00e1 dedicada al doctor Octavio F\u00e9liz Vidal, m\u00e9dico-investigador barahonero, catedr\u00e1tico del \u00e1rea de la microbiolog\u00eda y terapeuta familiar reconocido internacionalmente en esta \u00e1rea de la medicina preventiva.<\/p>\n\n\n\n<p>La informaci\u00f3n fue dada a conocer por el doctor Ram\u00f3n Alberto L\u00f3pez Ynoa, Coordinador de la Unidad de Investigaci\u00f3n de la academia de educaci\u00f3n superior en Barahona quien, adem\u00e1s, inform\u00f3 que la actividad cuenta con los auspicios de la oficina regional de Plan International con asiento en esta ciudad y\u00a0 tendr\u00e1 una l\u00ednea de exposici\u00f3n dirigida \u201cHacia una cultura de gesti\u00f3n de la prevenci\u00f3n riesgos de desastres y previsi\u00f3n clim\u00e1tica: \u00a1siempre alerta!\u201d.<\/p>\n\n\n\n<p>El doctor Manuel Antonio De La Cruz Fern\u00e1ndez, director general de la UASD BARAHONA, ponder\u00f3 la importancia de la actividad ya que en ella la academia hace una especie de rendici\u00f3n de cuentas de los estudios e investigaciones realizados por la instituci\u00f3n en este a\u00f1o de post-pandemia COVID-19 y se las presenta a la regi\u00f3n, al pa\u00eds y al mundo para su conocimiento y posibilidades de aplicaci\u00f3n en la soluci\u00f3n de la problem\u00e1tica abordada en los estudios.<\/p>\n\n\n\n<p>Por su parte, L\u00f3pez Ynoa explic\u00f3 que la actividad se desarrollar\u00e1 en la modalidad virtual y en la misma se expondr\u00e1n tres conferencias y varias ponencias tematizadas en la l\u00ednea expositiva de la jornada, y cuarenta y seis ponencias de las distintas \u00e1reas del saber.<\/p>\n\n\n\n<p>A la actividad est\u00e1n siendo invitadas personalidades de la regi\u00f3n, maestros y maestras de los distintos niveles educativos, estudiantes, e investigadores de la regi\u00f3n y el resto del pa\u00eds, y todos los interesados en el quehacer investigativo de la regi\u00f3n.<\/p>\n\n\n\n<p>Los interesado deben acceder mediante Zoom:<a href=\"https:\/\/us02web.zoom.us\/j\/9660434185\" rel=\"noreferrer noopener\" target=\"_blank\">https:\/\/us02web.zoom.us\/j\/9660434185<\/a><br>Meeting ID: 966 043 4185-Passcode: 1538<\/p>\n","protected":false},"excerpt":{"rendered":"<p>Ohelmis S\u00e1nchez\u00a0&lt;ohelmissanchez@gmail.com> BARAHONA: La Universidad Aut\u00f3noma de Santo Domingo Recinto Barahona, UASD-BARAHONA, anunci\u00f3 la celebraci\u00f3n de su III Jornada Interdisciplinaria de Investigaci\u00f3n cient\u00edfica para el viernes, 3 de diciembre. La actividad acad\u00e9mica estar\u00e1 dedicada al doctor Octavio F\u00e9liz Vidal, m\u00e9dico-investigador barahonero, catedr\u00e1tico del \u00e1rea de la microbiolog\u00eda y terapeuta familiar reconocido internacionalmente en esta \u00e1rea [&hellip;]<\/p>\n","protected":false},"author":2,"featured_media":310809,"comment_status":"closed","ping_status":"","sticky":true,"template":"","format":"standard","meta":{"footnotes":""},"categories":[20,27],"tags":[],"class_list":["post-310808","post","type-post","status-publish","format-standard","has-post-thumbnail","hentry","category-dominicana-hoy","category-portada"],"_links":{"self":[{"href":"https:\/\/diariodominicano.com\/index.php?rest_route=\/wp\/v2\/posts\/310808","targetHints":{"allow":["GET"]}}],"collection":[{"href":"https:\/\/diariodominicano.com\/index.php?rest_route=\/wp\/v2\/posts"}],"about":[{"href":"https:\/\/diariodominicano.com\/index.php?rest_route=\/wp\/v2\/types\/post"}],"author":[{"embeddable":true,"href":"https:\/\/diariodominicano.com\/index.php?rest_route=\/wp\/v2\/users\/2"}],"replies":[{"embeddable":true,"href":"https:\/\/diariodominicano.com\/index.php?rest_route=%2Fwp%2Fv2%2Fcomments&post=310808"}],"version-history":[{"count":3,"href":"https:\/\/diariodominicano.com\/index.php?rest_route=\/wp\/v2\/posts\/310808\/revisions"}],"predecessor-version":[{"id":310812,"href":"https:\/\/diariodominicano.com\/index.php?rest_route=\/wp\/v2\/posts\/310808\/revisions\/310812"}],"wp:featuredmedia":[{"embeddable":true,"href":"https:\/\/diariodominicano.com\/index.php?rest_route=\/wp\/v2\/media\/310809"}],"wp:attachment":[{"href":"https:\/\/diariodominicano.com\/index.php?rest_route=%2Fwp%2Fv2%2Fmedia&parent=310808"}],"wp:term":[{"taxonomy":"category","embeddable":true,"href":"https:\/\/diariodominicano.com\/index.php?rest_route=%2Fwp%2Fv2%2Fcategories&post=310808"},{"taxonomy":"post_tag","embeddable":true,"href":"https:\/\/diariodominicano.com\/index.php?rest_route=%2Fwp%2Fv2%2Ftags&post=310808"}],"curies":[{"name":"wp","href":"https:\/\/api.w.org\/{rel}","templated":true}]}}