{"id":310804,"date":"2021-11-24T14:59:00","date_gmt":"2021-11-24T18:59:00","guid":{"rendered":"http:\/\/diariodominicano.com\/?p=310804"},"modified":"2021-11-24T14:59:00","modified_gmt":"2021-11-24T18:59:00","slug":"el-cmm-invita-al-conclave-del-dia-internacional-de-la-eliminacion-de-la-violencia-contra-la-mujer","status":"publish","type":"post","link":"https:\/\/diariodominicano.com\/?p=310804","title":{"rendered":"El CMM invita al c\u00f3nclave del\u00a0D\u00eda Internacional de la Eliminaci\u00f3n de la Violencia contra la Mujer"},"content":{"rendered":"\n<p><\/p>\n\n\n\n<p><strong>Por Araceli Aguilar Salgado&nbsp;<\/strong><\/p>\n\n\n\n<p><strong><em>\u00abLa igualdad es una necesidad vital del alma humana. La misma cantidad de respeto y de atenci\u00f3n se debe a todo ser humano, porque el respeto no tiene grados\u00bb.&nbsp;Simone Weil&nbsp;<\/em><\/strong><\/p>\n\n\n\n<p>En el marco del D\u00eda Internacional de la Eliminaci\u00f3n de la Violencia contra la Mujer, el Congreso Mundial de la Mujer, CMM, junto al&nbsp;Congreso Hispanoamericano de Prensa CHP,&nbsp;tienen el honor de invitarles al conclave del D\u00eda Internacional de la Eliminaci\u00f3n de la Violencia contra la Mujer a efectuarse el d\u00eda Jueves 25 de Noviembre del 2021 en punto de las 6:00 pm hora de Nueva York , Rep\u00fablica Dominicana y Colombia, en M\u00e9xico a las 05:00 P.M. hrs &nbsp;el Evento es gratuito mismo que ser\u00e1 transmitido Virtual v\u00eda Zoom, Facebook Live y YouTube, la asistencia es totalmente gratuita.&nbsp;<\/p>\n\n\n\n<p>Favor de inscribirse para&nbsp;el evento completar el siguiente formulario y as\u00ed puedan recibir su enlace:&nbsp;<a href=\"https:\/\/forms.gle\/hGXzUeDjunPWnEos6\" target=\"_blank\" rel=\"noreferrer noopener\">https:\/\/forms.gle\/hGXzUeDjunPWnEos6<\/a>&nbsp;<\/p>\n\n\n\n<figure class=\"wp-block-image size-large\"><img loading=\"lazy\" decoding=\"async\" width=\"565\" height=\"1024\" src=\"https:\/\/diariodominicano.com\/wp-content\/uploads\/2021\/11\/CMM-565x1024.jpg\" alt=\"\" class=\"wp-image-310806\" srcset=\"https:\/\/diariodominicano.com\/wp-content\/uploads\/2021\/11\/CMM-565x1024.jpg 565w, https:\/\/diariodominicano.com\/wp-content\/uploads\/2021\/11\/CMM-165x300.jpg 165w, https:\/\/diariodominicano.com\/wp-content\/uploads\/2021\/11\/CMM.jpg 706w\" sizes=\"auto, (max-width: 565px) 100vw, 565px\" \/><\/figure>\n\n\n\n<p>Como invitada especial tendremos a la Dra. Cristina Aguiar, especialista en Derecho Constitucional y propulsora de la internacionalizaci\u00f3n del d\u00eda contra la violencia a la mujer con sus aportes han consolidado el prestigio de la&nbsp;Rep\u00fablica&nbsp;dominicana en el plano internacional al haber tomado la iniciativa de presentar la resoluci\u00f3n que coloca en el calendario internacional el d\u00eda 25 de noviembre como D\u00eda Internacional para la Eliminaci\u00f3n de la Violencia contra la Mujer, Res. A\/54\/134, y ser la autora del pre\u00e1mbulo del Tratado de Roma que crea la Corte Penal Internacional.&nbsp;<\/p>\n\n\n\n<p>El Congreso Mundial de la Mujer, te invita a participar para sensibilizar, prevenir y educar desde el respeto e igualdad, para erradicar la violencia de g\u00e9nero en todas sus vertientes para vivir con plenitud, todas las personas necesitamos estar libres de violencia.&nbsp;V\u00eda zoom, para inscribirse en el evento completar el siguiente formulario:&nbsp;<a href=\"https:\/\/forms.gle\/hGXzUeDjunPWnEos6\" rel=\"noreferrer noopener\" target=\"_blank\">https:\/\/forms.gle\/hGXzUeDjunPWnEos6<\/a><\/p>\n\n\n\n<p>Es un derecho humano universal, consagrado en todos los instrumentos internacionales.<br><br>Desde tiempos inmemoriales y a lo largo de todo el mundo la violencia contra las mujeres y las ni\u00f1as ha tenido expresiones inimaginables. Adem\u00e1s de vivir la violencia social, son v\u00edctimas de delitos de g\u00e9nero, a los que muy recientemente se ha empezado a reconocer y a nombrar.&nbsp;<\/p>\n\n\n\n<p>La violencia contra la mujer sigue siendo un obst\u00e1culo para alcanzar igualdad, desarrollo, paz, al igual que el respeto de los derechos humanos de mujeres y ni\u00f1as. Lo que, es m\u00e1s, la promesa de los Objetivos de Desarrollo Sostenible (ODS) de no dejar que nadie se quede atr\u00e1s, no podr\u00e1 cumplirse sin primero poner fin a la violencia contra mujeres y ni\u00f1as.&nbsp;<\/p>\n\n\n\n<p>Congreso Mundial de la Mujer en el marco del D\u00eda Internacional de la eliminaci\u00f3n de la violencia contra la mujer, d\u00eda&nbsp;25 de noviembre de 2021, horario: 6.00 pm Hora NY, lugar: V\u00eda zoom, para inscribirse en el evento completar el siguiente formulario:&nbsp;<a href=\"https:\/\/forms.gle\/hGXzUeDjunPWnEos6\" rel=\"noreferrer noopener\" target=\"_blank\">https:\/\/forms.gle\/hGXzUeDjunPWnEos6<\/a><\/p>\n\n\n\n<p><strong><em>\u00abLa primera igualdad es la equidad\u00bb.&nbsp;<strong>V\u00edctor Hugo.&nbsp;<\/strong><\/em><\/strong><strong><em>\u00ab<\/em><\/strong><strong><em><strong>Mujer el mundo te pertenece, unete y lograremos la equidad y la iguadad de generos\u00a8, Amin Cruz.<\/strong><\/em><\/strong><\/p>\n\n\n\n<p><strong>Araceli Aguilar Salgado Periodista, Abogada, Ingeniera, Escritora, Presidenta del Congreso Hispanoamericano de Prensa, Analista y comentarista mexicana, del Estado de Guerrero, M\u00e9xico.&nbsp;<\/strong><\/p>\n","protected":false},"excerpt":{"rendered":"<p>Por Araceli Aguilar Salgado&nbsp; \u00abLa igualdad es una necesidad vital del alma humana. La misma cantidad de respeto y de atenci\u00f3n se debe a todo ser humano, porque el respeto no tiene grados\u00bb.&nbsp;Simone Weil&nbsp; En el marco del D\u00eda Internacional de la Eliminaci\u00f3n de la Violencia contra la Mujer, el Congreso Mundial de la Mujer, [&hellip;]<\/p>\n","protected":false},"author":2,"featured_media":310805,"comment_status":"closed","ping_status":"","sticky":true,"template":"","format":"standard","meta":{"footnotes":""},"categories":[25,27],"tags":[],"class_list":["post-310804","post","type-post","status-publish","format-standard","has-post-thumbnail","hentry","category-gente","category-portada"],"_links":{"self":[{"href":"https:\/\/diariodominicano.com\/index.php?rest_route=\/wp\/v2\/posts\/310804","targetHints":{"allow":["GET"]}}],"collection":[{"href":"https:\/\/diariodominicano.com\/index.php?rest_route=\/wp\/v2\/posts"}],"about":[{"href":"https:\/\/diariodominicano.com\/index.php?rest_route=\/wp\/v2\/types\/post"}],"author":[{"embeddable":true,"href":"https:\/\/diariodominicano.com\/index.php?rest_route=\/wp\/v2\/users\/2"}],"replies":[{"embeddable":true,"href":"https:\/\/diariodominicano.com\/index.php?rest_route=%2Fwp%2Fv2%2Fcomments&post=310804"}],"version-history":[{"count":1,"href":"https:\/\/diariodominicano.com\/index.php?rest_route=\/wp\/v2\/posts\/310804\/revisions"}],"predecessor-version":[{"id":310807,"href":"https:\/\/diariodominicano.com\/index.php?rest_route=\/wp\/v2\/posts\/310804\/revisions\/310807"}],"wp:featuredmedia":[{"embeddable":true,"href":"https:\/\/diariodominicano.com\/index.php?rest_route=\/wp\/v2\/media\/310805"}],"wp:attachment":[{"href":"https:\/\/diariodominicano.com\/index.php?rest_route=%2Fwp%2Fv2%2Fmedia&parent=310804"}],"wp:term":[{"taxonomy":"category","embeddable":true,"href":"https:\/\/diariodominicano.com\/index.php?rest_route=%2Fwp%2Fv2%2Fcategories&post=310804"},{"taxonomy":"post_tag","embeddable":true,"href":"https:\/\/diariodominicano.com\/index.php?rest_route=%2Fwp%2Fv2%2Ftags&post=310804"}],"curies":[{"name":"wp","href":"https:\/\/api.w.org\/{rel}","templated":true}]}}