{"id":310798,"date":"2021-11-24T14:49:17","date_gmt":"2021-11-24T18:49:17","guid":{"rendered":"http:\/\/diariodominicano.com\/?p=310798"},"modified":"2021-11-24T14:51:17","modified_gmt":"2021-11-24T18:51:17","slug":"fedoboxa-confirma-a-comite-organizador-6-paises-para-xl-copa-independencia-boxeo-internacional","status":"publish","type":"post","link":"https:\/\/diariodominicano.com\/?p=310798","title":{"rendered":"FEDOBOXA confirma a Comit\u00e9 Organizador 6 pa\u00edses para XL Copa Independencia Boxeo Internacional"},"content":{"rendered":"\n<p><strong>Ram\u00f3n Leonardo\u00a0<\/strong><\/p>\n\n\n\n<p><\/p>\n\n\n\n<p><\/p>\n\n\n\n<p><strong>Por Oscar Polanco<\/strong><\/p>\n\n\n\n<p><strong>Santiago, Rep\u00fablica Dominicana, 24 de noviembre 2021).-<\/strong>\u00a0El secretario de la Federaci\u00f3n Dominicana de Boxeo (FEDOXA), Ram\u00f3n Leonardo, confirm\u00f3 al Comit\u00e9 Organizador, la aceptaci\u00f3n de seis pa\u00edses para participar en la XL Copa Independencia de Boxeo Internacional, que se realizar\u00e1 a mediados del mes de febrero 2022, en esta ciudad de Santiago.<\/p>\n\n\n\n<p><strong>E<\/strong>l se\u00f1or Ram\u00f3n Leonardo, secretario de FEDOBOXA, dio la informaci\u00f3n recientemente, en su discurso del acto de juramentaci\u00f3n del Comit\u00e9 Organizador de ese importante evento internacional.<\/p>\n\n\n\n<p><strong>D<\/strong>ijo que, de los pa\u00edses contactados, unos seis aceptaron la invitaci\u00f3n para venir a competir en la pr\u00f3xima Copa Independencia de Boxeo Internacional, recordando que, de ellos, dijeron que s\u00ed,&nbsp;Puerto Rico, Colombia, Brasil, Chile y Ecuador.<\/p>\n\n\n\n<p><strong>S<\/strong>in embargo, el se\u00f1or Ram\u00f3n Leonardo, quien estuvo acompa\u00f1ado del presidente advitam de esa federaci\u00f3n, el hist\u00f3rico ingeniero Bienvenido Solano, admiti\u00f3 que esa entidad sigue trabajando acorde al Comit\u00e9 Organizador, para el mejor desenvolvimiento del evento y que podr\u00edan agregarse m\u00e1s selecciones extranjeras.<\/p>\n\n\n\n<p><strong>E<\/strong>n otro orden, el Comit\u00e9 Organizador, trabaja en la log\u00edstica completa de la competencia y se prepara para establecer la ruta cr\u00edtica de trabajo, el cual preside el ingeniero Andr\u00e9s Cueto, gerente general de EDENORTE y tiene como vicepresidente al ingeniero Andr\u00e9s Burgos, director general de CORAASAN, la directora general es la gobernadora provincial, licenciada Rosa Santos.<\/p>\n\n\n\n<p><strong>F<\/strong>inalmente, el se\u00f1or Ariel Acosta, presidente de la Asociaci\u00f3n de Boxeo de Santiago, agradeci\u00f3 la labor de FEDOBOXA e insisti\u00f3 en que el trabajo que hace el Comit\u00e9 Organizador es excelente.<\/p>\n\n\n\n<p><\/p>\n\n\n\n<p><strong>Ram\u00f3n Leonardo&nbsp;<\/strong><\/p>\n","protected":false},"excerpt":{"rendered":"<p>Ram\u00f3n Leonardo\u00a0 Por Oscar Polanco Santiago, Rep\u00fablica Dominicana, 24 de noviembre 2021).-\u00a0El secretario de la Federaci\u00f3n Dominicana de Boxeo (FEDOXA), Ram\u00f3n Leonardo, confirm\u00f3 al Comit\u00e9 Organizador, la aceptaci\u00f3n de seis pa\u00edses para participar en la XL Copa Independencia de Boxeo Internacional, que se realizar\u00e1 a mediados del mes de febrero 2022, en esta ciudad de [&hellip;]<\/p>\n","protected":false},"author":2,"featured_media":310799,"comment_status":"closed","ping_status":"","sticky":true,"template":"","format":"standard","meta":{"footnotes":""},"categories":[17,27],"tags":[],"class_list":["post-310798","post","type-post","status-publish","format-standard","has-post-thumbnail","hentry","category-deportes","category-portada"],"_links":{"self":[{"href":"https:\/\/diariodominicano.com\/index.php?rest_route=\/wp\/v2\/posts\/310798","targetHints":{"allow":["GET"]}}],"collection":[{"href":"https:\/\/diariodominicano.com\/index.php?rest_route=\/wp\/v2\/posts"}],"about":[{"href":"https:\/\/diariodominicano.com\/index.php?rest_route=\/wp\/v2\/types\/post"}],"author":[{"embeddable":true,"href":"https:\/\/diariodominicano.com\/index.php?rest_route=\/wp\/v2\/users\/2"}],"replies":[{"embeddable":true,"href":"https:\/\/diariodominicano.com\/index.php?rest_route=%2Fwp%2Fv2%2Fcomments&post=310798"}],"version-history":[{"count":4,"href":"https:\/\/diariodominicano.com\/index.php?rest_route=\/wp\/v2\/posts\/310798\/revisions"}],"predecessor-version":[{"id":310803,"href":"https:\/\/diariodominicano.com\/index.php?rest_route=\/wp\/v2\/posts\/310798\/revisions\/310803"}],"wp:featuredmedia":[{"embeddable":true,"href":"https:\/\/diariodominicano.com\/index.php?rest_route=\/wp\/v2\/media\/310799"}],"wp:attachment":[{"href":"https:\/\/diariodominicano.com\/index.php?rest_route=%2Fwp%2Fv2%2Fmedia&parent=310798"}],"wp:term":[{"taxonomy":"category","embeddable":true,"href":"https:\/\/diariodominicano.com\/index.php?rest_route=%2Fwp%2Fv2%2Fcategories&post=310798"},{"taxonomy":"post_tag","embeddable":true,"href":"https:\/\/diariodominicano.com\/index.php?rest_route=%2Fwp%2Fv2%2Ftags&post=310798"}],"curies":[{"name":"wp","href":"https:\/\/api.w.org\/{rel}","templated":true}]}}