{"id":310752,"date":"2021-11-24T10:39:52","date_gmt":"2021-11-24T14:39:52","guid":{"rendered":"http:\/\/diariodominicano.com\/?p=310752"},"modified":"2021-11-24T10:39:52","modified_gmt":"2021-11-24T14:39:52","slug":"magdalena-andersson-se-convierte-en-primera-mujer-en-asumir-jefatura-del-gobierno-sueco","status":"publish","type":"post","link":"https:\/\/diariodominicano.com\/?p=310752","title":{"rendered":"Magdalena Andersson se convierte en primera mujer en asumir jefatura del Gobierno sueco"},"content":{"rendered":"\n<p>diariodominicano.com<a rel=\"noreferrer noopener\" href=\"https:\/\/www.xinhua-news.com\/gdsdetailxhs\/share\/10643286-?pageflag=iframe\" target=\"_blank\"><\/a><\/p>\n\n\n\n<pre id=\"text-news-description\" class=\"wp-block-preformatted\">   ESTOCOLMO, 24 nov (Xinhua) -- El Parlamento de Suecia eligi\u00f3 hoy mi\u00e9rcoles a Magdalena Andersson como premier del pa\u00eds, lo que la convierte en la primera mujer de la historia sueca en asumir la jefatura del Gobierno.\n   Est\u00e1 previsto que Andersson asuma el cargo tras una reuni\u00f3n que celebrar\u00e1 el viernes con el rey Carlos XVI Gustavo, lo que le da apenas diez meses para preparar las elecciones generales en 2022.<\/pre>\n\n\n\n<figure class=\"wp-block-image size-large\"><img loading=\"lazy\" decoding=\"async\" width=\"1024\" height=\"682\" src=\"https:\/\/diariodominicano.com\/wp-content\/uploads\/2021\/11\/PrimeraMinistrasueca-magdalena-Andersson24-11-21-1024x682.jpg\" alt=\"\" class=\"wp-image-310754\" srcset=\"https:\/\/diariodominicano.com\/wp-content\/uploads\/2021\/11\/PrimeraMinistrasueca-magdalena-Andersson24-11-21-1024x682.jpg 1024w, https:\/\/diariodominicano.com\/wp-content\/uploads\/2021\/11\/PrimeraMinistrasueca-magdalena-Andersson24-11-21-300x200.jpg 300w, https:\/\/diariodominicano.com\/wp-content\/uploads\/2021\/11\/PrimeraMinistrasueca-magdalena-Andersson24-11-21-768x511.jpg 768w, https:\/\/diariodominicano.com\/wp-content\/uploads\/2021\/11\/PrimeraMinistrasueca-magdalena-Andersson24-11-21-816x543.jpg 816w, https:\/\/diariodominicano.com\/wp-content\/uploads\/2021\/11\/PrimeraMinistrasueca-magdalena-Andersson24-11-21.jpg 1200w\" sizes=\"auto, (max-width: 1024px) 100vw, 1024px\" \/><\/figure>\n","protected":false},"excerpt":{"rendered":"<p>diariodominicano.com ESTOCOLMO, 24 nov (Xinhua) &#8212; El Parlamento de Suecia eligi\u00f3 hoy mi\u00e9rcoles a Magdalena Andersson como premier del pa\u00eds, lo que la convierte en la primera mujer de la historia sueca en asumir la jefatura del Gobierno. Est\u00e1 previsto que Andersson asuma el cargo tras una reuni\u00f3n que celebrar\u00e1 el viernes con el rey [&hellip;]<\/p>\n","protected":false},"author":5,"featured_media":310753,"comment_status":"closed","ping_status":"","sticky":true,"template":"","format":"standard","meta":{"footnotes":""},"categories":[23,27],"tags":[],"class_list":["post-310752","post","type-post","status-publish","format-standard","has-post-thumbnail","hentry","category-internacional","category-portada"],"_links":{"self":[{"href":"https:\/\/diariodominicano.com\/index.php?rest_route=\/wp\/v2\/posts\/310752","targetHints":{"allow":["GET"]}}],"collection":[{"href":"https:\/\/diariodominicano.com\/index.php?rest_route=\/wp\/v2\/posts"}],"about":[{"href":"https:\/\/diariodominicano.com\/index.php?rest_route=\/wp\/v2\/types\/post"}],"author":[{"embeddable":true,"href":"https:\/\/diariodominicano.com\/index.php?rest_route=\/wp\/v2\/users\/5"}],"replies":[{"embeddable":true,"href":"https:\/\/diariodominicano.com\/index.php?rest_route=%2Fwp%2Fv2%2Fcomments&post=310752"}],"version-history":[{"count":1,"href":"https:\/\/diariodominicano.com\/index.php?rest_route=\/wp\/v2\/posts\/310752\/revisions"}],"predecessor-version":[{"id":310755,"href":"https:\/\/diariodominicano.com\/index.php?rest_route=\/wp\/v2\/posts\/310752\/revisions\/310755"}],"wp:featuredmedia":[{"embeddable":true,"href":"https:\/\/diariodominicano.com\/index.php?rest_route=\/wp\/v2\/media\/310753"}],"wp:attachment":[{"href":"https:\/\/diariodominicano.com\/index.php?rest_route=%2Fwp%2Fv2%2Fmedia&parent=310752"}],"wp:term":[{"taxonomy":"category","embeddable":true,"href":"https:\/\/diariodominicano.com\/index.php?rest_route=%2Fwp%2Fv2%2Fcategories&post=310752"},{"taxonomy":"post_tag","embeddable":true,"href":"https:\/\/diariodominicano.com\/index.php?rest_route=%2Fwp%2Fv2%2Ftags&post=310752"}],"curies":[{"name":"wp","href":"https:\/\/api.w.org\/{rel}","templated":true}]}}