{"id":310749,"date":"2021-11-24T10:26:15","date_gmt":"2021-11-24T14:26:15","guid":{"rendered":"http:\/\/diariodominicano.com\/?p=310749"},"modified":"2021-11-24T10:26:15","modified_gmt":"2021-11-24T14:26:15","slug":"presidente-abinader-visitara-cinco-provincias-a-partir-de-hoy-hasta-el-domingo","status":"publish","type":"post","link":"https:\/\/diariodominicano.com\/?p=310749","title":{"rendered":"Presidente Abinader visitar\u00e1 cinco provincias a partir de hoy, hasta el domingo"},"content":{"rendered":"\n<p>diariodominicano.com<\/p>\n\n\n\n<p>Santo Domingo, 24 de noviembre, 2021. &#8211; El presidente Luis Abinader visitar\u00e1 cinco provincias, a partir de este mi\u00e9rcoles hasta el domingo, donde desarrollar\u00e1 diferentes actividades que incluyen inauguraciones, primer palazo y rolazo, reuniones y almuerzos, entre otras.<\/p>\n\n\n\n<p>Las provincias a visitar por el jefe de Estado son: Monse\u00f1or Nouel, San Crist\u00f3bal, La Altagracia, El Seibo y Santiago, donde estar\u00e1 s\u00e1bado y domingo.<\/p>\n\n\n\n<p><strong>Mi\u00e9rcoles 24<\/strong><\/p>\n\n\n\n<p>Las actividades del mandatario iniciar\u00e1n a las 11:00 de la ma\u00f1ana en la Feria Ganadera del Distrito Nacional, con el lanzamiento del Programa Navide\u00f1o de los Comedores Econ\u00f3micos.<\/p>\n\n\n\n<p>Luego, el gobernante se trasladar\u00e1 a Bonao, provincia Monse\u00f1or Nouel, para la inauguraci\u00f3n del Centro Comunal de Sabana del Puerto.<\/p>\n\n\n\n<p>De igual forma, sostendr\u00e1 un almuerzo con el sector agropecuario y m\u00e1s tarde realizar\u00e1 el primer palazo para la remodelaci\u00f3n del mercado.<\/p>\n\n\n\n<p>Ese mismo d\u00eda, en horas de la tarde, se reunir\u00e1 con diversas entidades y el Consejo de Desarrollo de esta provincia.<\/p>\n\n\n\n<p><strong>Jueves 25<\/strong><\/p>\n\n\n\n<p>Este d\u00eda, el jefe de Estado inaugurar\u00e1 varias obras en la provincia de San Crist\u00f3bal que incluyen un estadio de b\u00e9isbol, un cuartel de la Polic\u00eda Nacional, un puente y un liceo.<\/p>\n\n\n\n<p>Asimismo, sostendr\u00e1 un almuerzo y efectuar\u00e1 varios primeros picazos para la construcci\u00f3n de una funeraria, viviendas y un primer rolazo en Pinta tu Barrio.<\/p>\n\n\n\n<p><strong>Viernes 26<\/strong><\/p>\n\n\n\n<p>Ese d\u00eda en Punta Cana, a partir de las 10:00 de la ma\u00f1ana, el mandatario asistir\u00e1 al foro empresarial \u201cConstruyendo la transformaci\u00f3n de Desarrollo Regional\u201d, para luego en horas de la tarde desplazarse a la provincia de El Seibo donde sostendr\u00e1 varias actividades.<\/p>\n\n\n\n<p>Ya en horas de la noche, retornar\u00e1 a Punta Cana para asistir a una cena de gala en la Asamblea General de Municipios.<\/p>\n\n\n\n<p><strong>S\u00e1bado 27 y domingo 28<\/strong><\/p>\n\n\n\n<p>De igual modo, estos dos d\u00edas, el gobernante desarrollar\u00e1 en Santiago varios eventos y actividades.<\/p>\n\n\n\n<p>Fuente: Direcci\u00f3n de Estrategia y Comunicaci\u00f3n Gubernamental<\/p>\n\n\n\n<p>Ministerio Administrativo de la Presidencia de la Rep\u00fablica Dominicana<\/p>\n","protected":false},"excerpt":{"rendered":"<p>diariodominicano.com Santo Domingo, 24 de noviembre, 2021. &#8211; El presidente Luis Abinader visitar\u00e1 cinco provincias, a partir de este mi\u00e9rcoles hasta el domingo, donde desarrollar\u00e1 diferentes actividades que incluyen inauguraciones, primer palazo y rolazo, reuniones y almuerzos, entre otras. Las provincias a visitar por el jefe de Estado son: Monse\u00f1or Nouel, San Crist\u00f3bal, La Altagracia, [&hellip;]<\/p>\n","protected":false},"author":5,"featured_media":310750,"comment_status":"closed","ping_status":"","sticky":true,"template":"","format":"standard","meta":{"footnotes":""},"categories":[20,27],"tags":[],"class_list":["post-310749","post","type-post","status-publish","format-standard","has-post-thumbnail","hentry","category-dominicana-hoy","category-portada"],"_links":{"self":[{"href":"https:\/\/diariodominicano.com\/index.php?rest_route=\/wp\/v2\/posts\/310749","targetHints":{"allow":["GET"]}}],"collection":[{"href":"https:\/\/diariodominicano.com\/index.php?rest_route=\/wp\/v2\/posts"}],"about":[{"href":"https:\/\/diariodominicano.com\/index.php?rest_route=\/wp\/v2\/types\/post"}],"author":[{"embeddable":true,"href":"https:\/\/diariodominicano.com\/index.php?rest_route=\/wp\/v2\/users\/5"}],"replies":[{"embeddable":true,"href":"https:\/\/diariodominicano.com\/index.php?rest_route=%2Fwp%2Fv2%2Fcomments&post=310749"}],"version-history":[{"count":1,"href":"https:\/\/diariodominicano.com\/index.php?rest_route=\/wp\/v2\/posts\/310749\/revisions"}],"predecessor-version":[{"id":310751,"href":"https:\/\/diariodominicano.com\/index.php?rest_route=\/wp\/v2\/posts\/310749\/revisions\/310751"}],"wp:featuredmedia":[{"embeddable":true,"href":"https:\/\/diariodominicano.com\/index.php?rest_route=\/wp\/v2\/media\/310750"}],"wp:attachment":[{"href":"https:\/\/diariodominicano.com\/index.php?rest_route=%2Fwp%2Fv2%2Fmedia&parent=310749"}],"wp:term":[{"taxonomy":"category","embeddable":true,"href":"https:\/\/diariodominicano.com\/index.php?rest_route=%2Fwp%2Fv2%2Fcategories&post=310749"},{"taxonomy":"post_tag","embeddable":true,"href":"https:\/\/diariodominicano.com\/index.php?rest_route=%2Fwp%2Fv2%2Ftags&post=310749"}],"curies":[{"name":"wp","href":"https:\/\/api.w.org\/{rel}","templated":true}]}}