{"id":310735,"date":"2021-11-24T08:43:50","date_gmt":"2021-11-24T12:43:50","guid":{"rendered":"http:\/\/diariodominicano.com\/?p=310735"},"modified":"2021-11-24T09:02:03","modified_gmt":"2021-11-24T13:02:03","slug":"consul-rd-en-ny-destaca-dominicanos-se-abren-paso-en-politica-ny","status":"publish","type":"post","link":"https:\/\/diariodominicano.com\/?p=310735","title":{"rendered":"C\u00f3nsul RD en NY destaca dominicanos se abren paso en pol\u00edtica NY"},"content":{"rendered":"\n<p><strong>Por Ram\u00f3n Mercedes<\/strong><\/p>\n\n\n\n<p><strong>NUEVA YORK.-<\/strong>&nbsp;El c\u00f3nsul dominicano en esta ciudad, Eligio J\u00e1quez, destac\u00f3 que connacionales suyos se abren paso en la pol\u00edtica neoyorkina.<\/p>\n\n\n\n<p>Durante un encuentro-cena la noche de este lunes en el restaurant 809 en el Alto Manhattan con varios concejales electos y asamble\u00edstas quisqueyanas en la Gran Manzana, J\u00e1quez sostuvo que la dominicanidad se ha impuesto en NYC.<\/p>\n\n\n\n<p>\u201cAqu\u00ed hay muchas etnias y todos participan de alguna manera de las diferentes actividades, y el hecho de que haya decenas de hombres y mujeres salidos de las entra\u00f1as de la Rep\u00fablica Dominicana y que varios han conseguido ser electos en el reciente proceso electoral, es evidencia de la calidad con que los dominicanos se abren espacio en la pol\u00edtica\u201d, agreg\u00f3.<\/p>\n\n\n\n<p>A\u00f1adi\u00f3 que en la historia de esta ciudad han sobresalido actores de la vida nacional, entre ellos deportistas, due\u00f1os de supermercados, bodegueros, taxistas y pol\u00edticos.&nbsp;&nbsp;&nbsp;&nbsp;<\/p>\n\n\n\n<p>Dijo tener la satisfacci\u00f3n y orgullo de celebrar junto con su pueblo los resultados electorales, y tambi\u00e9n que estas navidades sea de cobijo y armon\u00eda entre la familia de los dominicanos y Dios ponga distancia en los problemas.<\/p>\n\n\n\n<p>Asimismo, ponder\u00f3 las medidas que el gobierno dominicano se propone implementar a favor de los quisqueyanos residentes en el exterior en las navidades.<\/p>\n\n\n\n<p>J\u00e1quez dijo tener informaci\u00f3n de que se ha ampliado el l\u00edmite que se estableci\u00f3 el a\u00f1o pasado de unos 3 mil d\u00f3lares en mercanc\u00edas libres de impuestos.<\/p>\n\n\n\n<p>Adem\u00e1s, se\u00f1al\u00f3 que le parece estar en la puerta del anuncio de esas facilidades para los dominicanos y que se est\u00e1n reforzando las rutas de diferentes aeropuertos para darle seguridad a los quisqueyanos que regresen.<\/p>\n\n\n\n<p>Al encuentro asistieron los j\u00f3venes dominicanos electos como concejales Oswald Feliz y Pierina S\u00e1nchez, por los distritos 14 y 15 en El Bronx. Las asamble\u00edstas por el mismo condado y los distritos 86 y 87, Yudelka Tapia y Karines Reyes.<\/p>\n\n\n\n<p>Asimismo, Carmen de la Rosa y Shawn Abreu por los distritos 10 y 7, concejales en el Alto Manhattan.<\/p>\n\n\n\n<p>Como invitados especiales asistieron el congresista Adriano Espaillat, y el actual concejal por el distrito 10, en el Alto Manhattan, Ydanis Rodr\u00edguez <\/p>\n\n\n\n<figure class=\"wp-block-embed is-type-video is-provider-youtube wp-block-embed-youtube wp-embed-aspect-16-9 wp-has-aspect-ratio\"><div class=\"wp-block-embed__wrapper\">\n<iframe loading=\"lazy\" title=\"Consul RD-NY dice dominicanos en urbe avanzan pol\u00edticamente\" width=\"616\" height=\"347\" src=\"https:\/\/www.youtube.com\/embed\/DRqRSJ1xQ5Y?feature=oembed\" frameborder=\"0\" allow=\"accelerometer; autoplay; clipboard-write; encrypted-media; gyroscope; picture-in-picture; web-share\" referrerpolicy=\"strict-origin-when-cross-origin\" allowfullscreen><\/iframe>\n<\/div><\/figure>\n","protected":false},"excerpt":{"rendered":"<p>Por Ram\u00f3n Mercedes NUEVA YORK.-&nbsp;El c\u00f3nsul dominicano en esta ciudad, Eligio J\u00e1quez, destac\u00f3 que connacionales suyos se abren paso en la pol\u00edtica neoyorkina. Durante un encuentro-cena la noche de este lunes en el restaurant 809 en el Alto Manhattan con varios concejales electos y asamble\u00edstas quisqueyanas en la Gran Manzana, J\u00e1quez sostuvo que la dominicanidad [&hellip;]<\/p>\n","protected":false},"author":7,"featured_media":310743,"comment_status":"closed","ping_status":"","sticky":true,"template":"","format":"standard","meta":{"footnotes":""},"categories":[23,27],"tags":[],"class_list":["post-310735","post","type-post","status-publish","format-standard","has-post-thumbnail","hentry","category-internacional","category-portada"],"_links":{"self":[{"href":"https:\/\/diariodominicano.com\/index.php?rest_route=\/wp\/v2\/posts\/310735","targetHints":{"allow":["GET"]}}],"collection":[{"href":"https:\/\/diariodominicano.com\/index.php?rest_route=\/wp\/v2\/posts"}],"about":[{"href":"https:\/\/diariodominicano.com\/index.php?rest_route=\/wp\/v2\/types\/post"}],"author":[{"embeddable":true,"href":"https:\/\/diariodominicano.com\/index.php?rest_route=\/wp\/v2\/users\/7"}],"replies":[{"embeddable":true,"href":"https:\/\/diariodominicano.com\/index.php?rest_route=%2Fwp%2Fv2%2Fcomments&post=310735"}],"version-history":[{"count":1,"href":"https:\/\/diariodominicano.com\/index.php?rest_route=\/wp\/v2\/posts\/310735\/revisions"}],"predecessor-version":[{"id":310737,"href":"https:\/\/diariodominicano.com\/index.php?rest_route=\/wp\/v2\/posts\/310735\/revisions\/310737"}],"wp:featuredmedia":[{"embeddable":true,"href":"https:\/\/diariodominicano.com\/index.php?rest_route=\/wp\/v2\/media\/310743"}],"wp:attachment":[{"href":"https:\/\/diariodominicano.com\/index.php?rest_route=%2Fwp%2Fv2%2Fmedia&parent=310735"}],"wp:term":[{"taxonomy":"category","embeddable":true,"href":"https:\/\/diariodominicano.com\/index.php?rest_route=%2Fwp%2Fv2%2Fcategories&post=310735"},{"taxonomy":"post_tag","embeddable":true,"href":"https:\/\/diariodominicano.com\/index.php?rest_route=%2Fwp%2Fv2%2Ftags&post=310735"}],"curies":[{"name":"wp","href":"https:\/\/api.w.org\/{rel}","templated":true}]}}