{"id":310727,"date":"2021-11-24T08:43:52","date_gmt":"2021-11-24T12:43:52","guid":{"rendered":"http:\/\/diariodominicano.com\/?p=310727"},"modified":"2021-11-24T09:02:27","modified_gmt":"2021-11-24T13:02:27","slug":"continua-ganando-apoyo-proyecto-ley-nyc-permitiria-votar-a-residentes-legales","status":"publish","type":"post","link":"https:\/\/diariodominicano.com\/?p=310727","title":{"rendered":"Contin\u00faa ganando apoyo proyecto Ley NYC permitir\u00eda votar a residentes legales"},"content":{"rendered":"\n<p><strong>Por Ram\u00f3n Mercedes<\/strong><\/p>\n\n\n\n<p><strong>NUEVA YORK.-<\/strong>&nbsp;El Proyecto de Ley de Derecho al Voto Municipal, mejor conocido como \u201cNuestra ciudad, nuestro voto\u201d, que permitir\u00eda a 808 mil personas \u201cinmigrantes legales\u201d en la Gran Manzana, entre ellos 130 mil procedentes de la Rep\u00fablica Dominicana, votar solo en las elecciones locales contin\u00faa ganando apoyo.<\/p>\n\n\n\n<p>Dicho proyecto de la autor\u00eda del concejal dominicano por el Alto Manhattan, Ydanis Rodr\u00edguez, recibi\u00f3 este martes el apoyo de decenas de organizaciones neoyorkinas que se manifestaron frente a la Alcald\u00eda.<\/p>\n\n\n\n<p>De ser aprobado el pr\u00f3ximo 9 de diciembre convertir\u00eda a NYC en el municipio m\u00e1s grande de los Estados Unidos en permitir que los no ciudadanos voten solo en las elecciones de la ciudad. 34 de los 51 miembros del Concejo Municipal y el Defensor P\u00fablico copatrocinan el proyecto.<\/p>\n\n\n\n<p>El alcalde Bill de Blasio ha sostenido que el cambio \u00abtiene que decidirse a nivel estatal, de acuerdo con la ley estatal\u201d, adem\u00e1s, de tener \u00absentimientos encontrados\u00bb porque teme que permitirlo podr\u00eda eliminar el incentivo para que personas se conviertan en ciudadanos de pleno derecho.<\/p>\n\n\n\n<p>El personal legal del Concejo Municipal, as\u00ed como los expertos en derechos de voto, dicen que \u201cel proyecto de ley es legal y que ninguna ley federal o estatal proh\u00edbe a NYC ampliar el derecho al voto en las elecciones locales\u201d.<\/p>\n\n\n\n<p>\u00abCualquier restricci\u00f3n que est\u00e9 actualmente en los libros realmente solo se aplica a las elecciones federales y estatales\u00bb, dijo Anu Joshi, vicepresidente de pol\u00edticas de la Coalici\u00f3n de Inmigraci\u00f3n de NY, una organizaci\u00f3n que representa a cientos de grupos comunitarios de inmigrantes.<\/p>\n\n\n\n<p>Joshua A. Douglas, profesor de la Facultad de Derecho J. David Rosenberg de la Universidad de Kentucky que estudia los derechos de voto y la ley electoral, dijo que nada en la Constituci\u00f3n del estado de NY impide que los no ciudadanos voten.<\/p>\n\n\n\n<p>El estado confiere expl\u00edcitamente derechos de voto a los ciudadanos, pero no niega esos derechos a los no ciudadanos, precis\u00f3 Douglas.<\/p>\n\n\n\n<p>El alcalde electo, Eric Adams, apoya el proyecto y ha manifestado que \u201clos inmigrantes siempre han sido el alma de la Metr\u00f3poli, al contribuir con m\u00e1s de 200 mil millones de d\u00f3lares al a\u00f1o a la econom\u00eda local, y constituyen el 45 % de la fuerza laboral, y que sin inmigrantes la urbe no funciona ni prosperar\u00e1\u201d.<\/p>\n\n\n\n<p>Agregando que \u201cno podemos ser un faro para el mundo y continuar atrayendo el talento global, la energ\u00eda y el esp\u00edritu empresarial que ha permitido que nuestra ciudad prospere durante siglos\u201d.<\/p>\n\n\n\n<p>A\u00f1adiendo, \u201clas comunidades de inmigrantes enfrentan desigualdades que han llevado a violencia y muertes, es nuestra responsabilidad moral y democr\u00e1tica otorgarle derechos al voto y darles la voz que se merecen\u201d, ha sentenciado Adams.<\/p>\n\n\n\n<p>Para Murad Awawdeh, director ejecutivo de la Coalici\u00f3n de Inmigraci\u00f3n de NY, \u201clos inmigrantes siempre han sido vitales para la ciudad de NY, y durante el Covid arriesgaron sus vidas para mantener la ciudad en movimiento\u201d, precis\u00f3.<\/p>\n\n\n\n<p>\u00abEs importante que el Partido Dem\u00f3crata mire a NYC y vea que cuando se ataca el derecho al voto, estamos expandiendo la participaci\u00f3n de los votantes\u00bb, dijo el concejal Rodr\u00edguez.<\/p>\n\n\n\n<p>\u201cNosotros restauramos el derecho de personas trabajadoras que son los que mantuvieron la econom\u00eda durante el Covid. Que tienen d\u00e9cadas viviendo aqu\u00ed en la sombra, que no se le reconocen los derechos, a ellos poder decir vamos a tener una voz\u00bb, agreg\u00f3 el concejal.<\/p>\n\n\n\n<p>Destac\u00f3 que NYC est\u00e1 pidiendo devolverles a los inmigrantes un derecho que por a\u00f1os existi\u00f3 y que debe restaurarse como una manera de hacer justicia con neoyorquinos que pagan impuestos y luchan por sus comunidades, precis\u00f3 Rodr\u00edguez <\/p>\n","protected":false},"excerpt":{"rendered":"<p>Por Ram\u00f3n Mercedes NUEVA YORK.-&nbsp;El Proyecto de Ley de Derecho al Voto Municipal, mejor conocido como \u201cNuestra ciudad, nuestro voto\u201d, que permitir\u00eda a 808 mil personas \u201cinmigrantes legales\u201d en la Gran Manzana, entre ellos 130 mil procedentes de la Rep\u00fablica Dominicana, votar solo en las elecciones locales contin\u00faa ganando apoyo. Dicho proyecto de la autor\u00eda [&hellip;]<\/p>\n","protected":false},"author":7,"featured_media":310744,"comment_status":"closed","ping_status":"","sticky":true,"template":"","format":"standard","meta":{"footnotes":""},"categories":[23,27],"tags":[],"class_list":["post-310727","post","type-post","status-publish","format-standard","has-post-thumbnail","hentry","category-internacional","category-portada"],"_links":{"self":[{"href":"https:\/\/diariodominicano.com\/index.php?rest_route=\/wp\/v2\/posts\/310727","targetHints":{"allow":["GET"]}}],"collection":[{"href":"https:\/\/diariodominicano.com\/index.php?rest_route=\/wp\/v2\/posts"}],"about":[{"href":"https:\/\/diariodominicano.com\/index.php?rest_route=\/wp\/v2\/types\/post"}],"author":[{"embeddable":true,"href":"https:\/\/diariodominicano.com\/index.php?rest_route=\/wp\/v2\/users\/7"}],"replies":[{"embeddable":true,"href":"https:\/\/diariodominicano.com\/index.php?rest_route=%2Fwp%2Fv2%2Fcomments&post=310727"}],"version-history":[{"count":1,"href":"https:\/\/diariodominicano.com\/index.php?rest_route=\/wp\/v2\/posts\/310727\/revisions"}],"predecessor-version":[{"id":310738,"href":"https:\/\/diariodominicano.com\/index.php?rest_route=\/wp\/v2\/posts\/310727\/revisions\/310738"}],"wp:featuredmedia":[{"embeddable":true,"href":"https:\/\/diariodominicano.com\/index.php?rest_route=\/wp\/v2\/media\/310744"}],"wp:attachment":[{"href":"https:\/\/diariodominicano.com\/index.php?rest_route=%2Fwp%2Fv2%2Fmedia&parent=310727"}],"wp:term":[{"taxonomy":"category","embeddable":true,"href":"https:\/\/diariodominicano.com\/index.php?rest_route=%2Fwp%2Fv2%2Fcategories&post=310727"},{"taxonomy":"post_tag","embeddable":true,"href":"https:\/\/diariodominicano.com\/index.php?rest_route=%2Fwp%2Fv2%2Ftags&post=310727"}],"curies":[{"name":"wp","href":"https:\/\/api.w.org\/{rel}","templated":true}]}}