{"id":310726,"date":"2021-11-24T08:43:55","date_gmt":"2021-11-24T12:43:55","guid":{"rendered":"http:\/\/diariodominicano.com\/?p=310726"},"modified":"2021-11-24T09:02:49","modified_gmt":"2021-11-24T13:02:49","slug":"miles-familias-en-alto-manhattan-se-benefician-con-entrega-de-pavos-gratis","status":"publish","type":"post","link":"https:\/\/diariodominicano.com\/?p=310726","title":{"rendered":"Miles familias en Alto Manhattan se benefician con entrega de pavos gratis"},"content":{"rendered":"\n<p><strong>Por Ram\u00f3n Mercedes<\/strong><\/p>\n\n\n\n<p><strong>NUEVA YORK.-<\/strong>&nbsp;Miles de familias de escasos recursos econ\u00f3micos residentes en los vecindarios de Washington Heights e Inwood, en el Alto Manhattan, se beneficiaron con igual cantidad de pavos este martes para celebrar la tradicional fiesta del \u201cD\u00eda de Acci\u00f3n de Gracias\u201d (Thanksgiving) en los Estados Unidos este jueves.<\/p>\n\n\n\n<p>Dichos pavos fueron obsequiados gratuitamente por el congresista Adriano Espaillat y la asamble\u00edsta Carmen de la Rosa, en el teatro United Palace, ubicado en Broadway con la calle 175 en el Alto Manhattan.<\/p>\n\n\n\n<p>Asimismo, por el empresario Cirilo Moronta en el restaurant de su propiedad 809, ubicado en la calle Dyckman, en el sector de Inwood.<\/p>\n\n\n\n<p>Tanto Espaillat, De la Rosa y Moronta coincidieron en manifestar que es tradici\u00f3n en ellos hacer anualmente la entrega de las aves, que se ha convertido en un deber y obligaci\u00f3n para con los m\u00e1s necesitados de nuestros vecindarios, sin importar raza, color o religi\u00f3n.<\/p>\n\n\n\n<p>El \u201cD\u00eda de Acci\u00f3n de Gracias\u201d es una fiesta nacional que se celebra el \u00faltimo jueves del mes de noviembre, tan importante como la misma Navidad, por lo que es d\u00eda feriado nacional en los EUA, adem\u00e1s, marca el inicio de las fiestas navide\u00f1as de manera informal.<\/p>\n\n\n\n<p>Tambi\u00e9n se celebra en Canad\u00e1, as\u00ed como en algunas islas del Caribe, Liberia y por comunidades de inmigrantes estadounidenses y canadienses en M\u00e9xico, Centroam\u00e9rica e Israel.<\/p>\n\n\n\n<p>Se trata de una celebraci\u00f3n familiar, con mucha comida, y una cena en la que se da gracias por lo que se tiene, pero \u00bfa qu\u00e9 se debe esta celebraci\u00f3n?<\/p>\n\n\n\n<p>Su origen se remonta al a\u00f1o 1620 con la llegada del Mayflower, un barco con m\u00e1s de 100 colonos ingleses que el Atl\u00e1ntico para instalarse en el Nuevo Mundo.<\/p>\n\n\n\n<p>Este grupo de colonos ten\u00edan fuertes convicciones religiosas, aunque se opon\u00edan a las creencias de la iglesia anglicana y al final tuvo que emprender la traves\u00eda del oc\u00e9ano para escapar de la horca.<\/p>\n\n\n\n<p>Se instalaron en el que es ahora el actual Estado de Massachussets, concretamente en la hist\u00f3rica colonia de Plymouth Rock.<\/p>\n\n\n\n<p>En el oto\u00f1o de 1621 fueron recolectadas abundantes cosechas de grano, cebada, frijoles y calabazas y por ello los colonos hicieron una gran celebraci\u00f3n y como muestra de agradecimiento religioso organizaron un fest\u00edn, que los americanos nombraron hist\u00f3ricamente como The America\u2019s First Thanksgiving.<\/p>\n\n\n\n<p>En esta fiesta los colonos invitaron al Gran Jefe y a 90 indios de su tribu Wampanoag. Los indios llevaron carne de ciervo para ser asada y pavos, mientras que los colonos hab\u00edan aprendido c\u00f3mo cocinar los ar\u00e1ndanos y prepararon las diferentes clases de grano sobre vajillas desconocidas para los ind\u00edgenas.<\/p>\n\n\n\n<p>La tradici\u00f3n qued\u00f3 instaurada y cuando Estados Unidos consigui\u00f3 la independencia, el Congreso (Council) marc\u00f3 la fecha en el calendario como un d\u00eda festivo.<\/p>\n\n\n\n<p>George Washington propuso la fecha el 26 de noviembre como \u201cD\u00eda de Acci\u00f3n de Gracias\u201d (Thanksgiving day). Pero en 1863 cuando, al final de una guerra civil larga y sangrienta, Abraham Lincoln sugiri\u00f3 a los americanos festejar el \u00faltimo jueves de noviembre.<\/p>\n","protected":false},"excerpt":{"rendered":"<p>Por Ram\u00f3n Mercedes NUEVA YORK.-&nbsp;Miles de familias de escasos recursos econ\u00f3micos residentes en los vecindarios de Washington Heights e Inwood, en el Alto Manhattan, se beneficiaron con igual cantidad de pavos este martes para celebrar la tradicional fiesta del \u201cD\u00eda de Acci\u00f3n de Gracias\u201d (Thanksgiving) en los Estados Unidos este jueves. Dichos pavos fueron obsequiados [&hellip;]<\/p>\n","protected":false},"author":7,"featured_media":310745,"comment_status":"closed","ping_status":"","sticky":true,"template":"","format":"standard","meta":{"footnotes":""},"categories":[23,27],"tags":[],"class_list":["post-310726","post","type-post","status-publish","format-standard","has-post-thumbnail","hentry","category-internacional","category-portada"],"_links":{"self":[{"href":"https:\/\/diariodominicano.com\/index.php?rest_route=\/wp\/v2\/posts\/310726","targetHints":{"allow":["GET"]}}],"collection":[{"href":"https:\/\/diariodominicano.com\/index.php?rest_route=\/wp\/v2\/posts"}],"about":[{"href":"https:\/\/diariodominicano.com\/index.php?rest_route=\/wp\/v2\/types\/post"}],"author":[{"embeddable":true,"href":"https:\/\/diariodominicano.com\/index.php?rest_route=\/wp\/v2\/users\/7"}],"replies":[{"embeddable":true,"href":"https:\/\/diariodominicano.com\/index.php?rest_route=%2Fwp%2Fv2%2Fcomments&post=310726"}],"version-history":[{"count":1,"href":"https:\/\/diariodominicano.com\/index.php?rest_route=\/wp\/v2\/posts\/310726\/revisions"}],"predecessor-version":[{"id":310739,"href":"https:\/\/diariodominicano.com\/index.php?rest_route=\/wp\/v2\/posts\/310726\/revisions\/310739"}],"wp:featuredmedia":[{"embeddable":true,"href":"https:\/\/diariodominicano.com\/index.php?rest_route=\/wp\/v2\/media\/310745"}],"wp:attachment":[{"href":"https:\/\/diariodominicano.com\/index.php?rest_route=%2Fwp%2Fv2%2Fmedia&parent=310726"}],"wp:term":[{"taxonomy":"category","embeddable":true,"href":"https:\/\/diariodominicano.com\/index.php?rest_route=%2Fwp%2Fv2%2Fcategories&post=310726"},{"taxonomy":"post_tag","embeddable":true,"href":"https:\/\/diariodominicano.com\/index.php?rest_route=%2Fwp%2Fv2%2Ftags&post=310726"}],"curies":[{"name":"wp","href":"https:\/\/api.w.org\/{rel}","templated":true}]}}