{"id":310683,"date":"2021-11-23T23:47:33","date_gmt":"2021-11-24T03:47:33","guid":{"rendered":"http:\/\/diariodominicano.com\/?p=310683"},"modified":"2021-11-24T07:39:07","modified_gmt":"2021-11-24T11:39:07","slug":"presidente-abinader-hace-justicia-con-la-entrega-de-titulos-de-propiedad-a-256-familias-de-monte-plata","status":"publish","type":"post","link":"https:\/\/diariodominicano.com\/?p=310683","title":{"rendered":"Presidente Abinader entrega t\u00edtulos de propiedad a 256 familias de Monte Plata"},"content":{"rendered":"\n<p>diariodominicano.com<\/p>\n\n\n\n<p>Santo Domingo, R. D.,  23 de noviembre, 2021.-   El presidente Luis Abinader encabez\u00f3 hoy el acto de entrega de 256&nbsp;certificados de t\u00edtulos&nbsp;de parcelas, solares y viviendas de m\u00e1s de veinte comunidades de la provincia&nbsp;Monte Plata, lo que impactar\u00e1 a m\u00e1s de mil personas.<\/p>\n\n\n\n<p>Las viviendas tituladas se encuentran distribuidas en las comunidades de Mam\u00e1 Ting\u00f3, Cinco Casas, Los Guayuyos, Batey La Jagua, Batey Payabo, Batey Triple San Pedro, Cruce de Payabo, Sabana Payabo, El Dean, Don Juan, Batey Nuevo, El Bosque, Batey Altagracia, Batey Ara, Batey Juan S\u00e1nchez, Batey Las Charcas, Batey Piraco, Batey Bermejo, Batey La Jagua, El Bosque, El Laurel y Los Guayuyos.<\/p>\n\n\n\n<p>El mandatario al ponderar la trascendencia social y humana de las titulaciones encaminadas por su Gobierno plante\u00f3 que, \u201ca&nbsp;partir de este momento disfrutar\u00e1n de los beneficios derivados de la propiedad inmobiliaria titulada, la seguridad jur\u00eddica que eso aporta a cada familia por ser los due\u00f1os oficiales de sus tierras y casas\u201d.<\/p>\n\n\n\n<p>Abinader al dirigir un mensaje a los nuevos beneficiarios de las titulaciones en el Sal\u00f3n Las Cari\u00e1tides del Palacio Nacional, dijo que, a partir de ahora, ver\u00e1n de forma inmediata c\u00f3mo esto incrementa el valor de sus propiedades.<\/p>\n\n\n\n<p>Asimismo, el jefe de Estado enfatiz\u00f3 que \u201cdesde ya se convierten ustedes en due\u00f1os de su propio futuro, asegurando la vida de sus descendientes, sin que nadie pueda interferir en ello\u201d. &nbsp;<\/p>\n\n\n\n<p>Por otro lado,&nbsp;el director de la Comisi\u00f3n Permanente de Titulaci\u00f3n de Terrenos del Estado (CPTTE), M\u00e9rido Torres, expres\u00f3 que los certificados de t\u00edtulos entregados beneficiar\u00e1n a un total de 1,090 personas de diferentes comunidades de la provincia Monte Plata, para lo cual el Estado asumi\u00f3 los gastos de tr\u00e1mites ascendentes a 20 millones 480 mil pesos.<\/p>\n\n\n\n<p>Torres anunci\u00f3, adem\u00e1s, que en los pr\u00f3ximos d\u00edas las autoridades entregar\u00e1n en la comunidad de Sabana Grande Boya, m\u00e1s de 1,000 certificados de t\u00edtulos de propiedad a parceleros y propietarios de viviendas. &nbsp;&nbsp;<\/p>\n\n\n\n<p>Las palabras de agradecimiento las pronunci\u00f3 la se\u00f1ora Felicia P\u00e9rez Ferm\u00edn, quien expres\u00f3 sentirse alegre y orgullosa de haber recibido el t\u00edtulo de propiedad de su hogar.<\/p>\n\n\n\n<p>La gobernadora de la provincia Monte Plata, Rafaela Javier Gomera, expres\u00f3 su satisfacci\u00f3n por la entrega de los t\u00edtulos de propiedad a las familias de esa comarca. &nbsp;<\/p>\n\n\n\n<p>La bendici\u00f3n del acto estuvo a cargo del P\u00e1rroco Kelvis Acevedo, Capell\u00e1n del Palacio Nacional.<\/p>\n\n\n\n<p>Entre las personas que recibieron sus t\u00edtulos figuran: Ambrocia Eulogia Laurencia, F\u00e9lix De Paula Vizca\u00edno, Jes\u00fas Mar\u00eda Castro Jim\u00e9nez, Benita Hern\u00e1ndez De La Cruz, Luis Alfonso Medrano, Felipa Paula Magallanes, Agripina Prensa Herrera, Nancy Su\u00e1rez, Lucia de Paula Abad y Confesora Soriano.<\/p>\n\n\n\n<p>Acompa\u00f1aron al mandatario, el director del Instituto Agrario Dominicano (IAD), Francisco Guillermo Garc\u00eda; Fernando Dur\u00e1n, Administrador del Banco Agr\u00edcola; David Brito, sub administrador de Bienes Nacionales y H\u00e9ctor P\u00e9rez Mirambeaux, director general de Catastro Nacional y miembro de la&nbsp;CPTTE.<\/p>\n\n\n\n<p>Tambi\u00e9n, el senador por la provincia Monte Plata, Lenin Valdez; la alcaldesa del municipio de Monte Plata, Altagracia Herrera; Efren Cuello, Enlace del Poder Ejecutivo con la Comisi\u00f3n de Titulaci\u00f3n; Iv\u00e1n Hern\u00e1ndez, director ejecutivo de INESPRE; Rub\u00e9n C\u00e9spedes, subdirector regional&nbsp;Este&nbsp;de la&nbsp;Comisi\u00f3n de Titulaci\u00f3n de Terrenos del Estado; Pedro Tineo y Rom\u00e1n De Jes\u00fas, diputados de la provincia Monte Plata.&nbsp;<\/p>\n\n\n\n<p>Fuente: Direcci\u00f3n de Estrategia y Comunicaci\u00f3n Gubernamental<\/p>\n\n\n\n<p>Ministerio Administrativo de la Presidencia de la Rep\u00fablica Dominicana<\/p>\n","protected":false},"excerpt":{"rendered":"<p>diariodominicano.com Santo Domingo, R. D., 23 de noviembre, 2021.- El presidente Luis Abinader encabez\u00f3 hoy el acto de entrega de 256&nbsp;certificados de t\u00edtulos&nbsp;de parcelas, solares y viviendas de m\u00e1s de veinte comunidades de la provincia&nbsp;Monte Plata, lo que impactar\u00e1 a m\u00e1s de mil personas. Las viviendas tituladas se encuentran distribuidas en las comunidades de Mam\u00e1 [&hellip;]<\/p>\n","protected":false},"author":5,"featured_media":310684,"comment_status":"closed","ping_status":"","sticky":true,"template":"","format":"standard","meta":{"footnotes":""},"categories":[20,27],"tags":[],"class_list":["post-310683","post","type-post","status-publish","format-standard","has-post-thumbnail","hentry","category-dominicana-hoy","category-portada"],"_links":{"self":[{"href":"https:\/\/diariodominicano.com\/index.php?rest_route=\/wp\/v2\/posts\/310683","targetHints":{"allow":["GET"]}}],"collection":[{"href":"https:\/\/diariodominicano.com\/index.php?rest_route=\/wp\/v2\/posts"}],"about":[{"href":"https:\/\/diariodominicano.com\/index.php?rest_route=\/wp\/v2\/types\/post"}],"author":[{"embeddable":true,"href":"https:\/\/diariodominicano.com\/index.php?rest_route=\/wp\/v2\/users\/5"}],"replies":[{"embeddable":true,"href":"https:\/\/diariodominicano.com\/index.php?rest_route=%2Fwp%2Fv2%2Fcomments&post=310683"}],"version-history":[{"count":3,"href":"https:\/\/diariodominicano.com\/index.php?rest_route=\/wp\/v2\/posts\/310683\/revisions"}],"predecessor-version":[{"id":310699,"href":"https:\/\/diariodominicano.com\/index.php?rest_route=\/wp\/v2\/posts\/310683\/revisions\/310699"}],"wp:featuredmedia":[{"embeddable":true,"href":"https:\/\/diariodominicano.com\/index.php?rest_route=\/wp\/v2\/media\/310684"}],"wp:attachment":[{"href":"https:\/\/diariodominicano.com\/index.php?rest_route=%2Fwp%2Fv2%2Fmedia&parent=310683"}],"wp:term":[{"taxonomy":"category","embeddable":true,"href":"https:\/\/diariodominicano.com\/index.php?rest_route=%2Fwp%2Fv2%2Fcategories&post=310683"},{"taxonomy":"post_tag","embeddable":true,"href":"https:\/\/diariodominicano.com\/index.php?rest_route=%2Fwp%2Fv2%2Ftags&post=310683"}],"curies":[{"name":"wp","href":"https:\/\/api.w.org\/{rel}","templated":true}]}}