{"id":310676,"date":"2021-11-23T23:37:27","date_gmt":"2021-11-24T03:37:27","guid":{"rendered":"http:\/\/diariodominicano.com\/?p=310676"},"modified":"2021-11-23T23:37:27","modified_gmt":"2021-11-24T03:37:27","slug":"dimite-maximo-enviado-de-onu-para-libia","status":"publish","type":"post","link":"https:\/\/diariodominicano.com\/?p=310676","title":{"rendered":"Dimite m\u00e1ximo enviado de ONU para Libia"},"content":{"rendered":"\n<p>diariodominicano.com<a rel=\"noreferrer noopener\" href=\"https:\/\/www.xinhua-news.com\/gdsdetailxhs\/share\/10640807-?pageflag=iframe\" target=\"_blank\"><\/a><\/p>\n\n\n\n<pre id=\"text-news-description\" class=\"wp-block-preformatted\">   NACIONES UNIDAS, 23 nov (Xinhua) -- El m\u00e1ximo enviado de la ONU para Libia, Jan Kubis, dimiti\u00f3 un mes antes de las cruciales elecciones en este pa\u00eds devastado por la guerra, confirm\u00f3 hoy un vocero de la ONU.\n   \"Les puedo decir que el Sr. Kubis ha presentado su renuncia y que el secretario general la acept\u00f3 con pesar\", dijo Stephane Dujarric, vocero del secretario general de la ONU, Ant\u00f3nio Guterres.\n   \"El secretario general est\u00e1 trabajando para encontrar un reemplazo adecuado. Todos estamos plenamente conscientes del calendario electoral y estamos trabajando tan r\u00e1pidamente como es posible para garantizar la continuidad en el liderazgo\", dijo Dujarric en la rueda de prensa diaria.\n  Kubis no dejar\u00e1 el cargo de inmediato y se espera que informe el mi\u00e9rcoles al Consejo de Seguridad sobre la situaci\u00f3n en Libia, dijo el vocero, quien se rehus\u00f3 a decir cu\u00e1nto tiempo se quedar\u00e1 Kubis.<\/pre>\n","protected":false},"excerpt":{"rendered":"<p>diariodominicano.com NACIONES UNIDAS, 23 nov (Xinhua) &#8212; El m\u00e1ximo enviado de la ONU para Libia, Jan Kubis, dimiti\u00f3 un mes antes de las cruciales elecciones en este pa\u00eds devastado por la guerra, confirm\u00f3 hoy un vocero de la ONU. \u00abLes puedo decir que el Sr. Kubis ha presentado su renuncia y que el secretario general [&hellip;]<\/p>\n","protected":false},"author":5,"featured_media":310677,"comment_status":"closed","ping_status":"","sticky":true,"template":"","format":"standard","meta":{"footnotes":""},"categories":[23,27],"tags":[],"class_list":["post-310676","post","type-post","status-publish","format-standard","has-post-thumbnail","hentry","category-internacional","category-portada"],"_links":{"self":[{"href":"https:\/\/diariodominicano.com\/index.php?rest_route=\/wp\/v2\/posts\/310676","targetHints":{"allow":["GET"]}}],"collection":[{"href":"https:\/\/diariodominicano.com\/index.php?rest_route=\/wp\/v2\/posts"}],"about":[{"href":"https:\/\/diariodominicano.com\/index.php?rest_route=\/wp\/v2\/types\/post"}],"author":[{"embeddable":true,"href":"https:\/\/diariodominicano.com\/index.php?rest_route=\/wp\/v2\/users\/5"}],"replies":[{"embeddable":true,"href":"https:\/\/diariodominicano.com\/index.php?rest_route=%2Fwp%2Fv2%2Fcomments&post=310676"}],"version-history":[{"count":1,"href":"https:\/\/diariodominicano.com\/index.php?rest_route=\/wp\/v2\/posts\/310676\/revisions"}],"predecessor-version":[{"id":310679,"href":"https:\/\/diariodominicano.com\/index.php?rest_route=\/wp\/v2\/posts\/310676\/revisions\/310679"}],"wp:featuredmedia":[{"embeddable":true,"href":"https:\/\/diariodominicano.com\/index.php?rest_route=\/wp\/v2\/media\/310677"}],"wp:attachment":[{"href":"https:\/\/diariodominicano.com\/index.php?rest_route=%2Fwp%2Fv2%2Fmedia&parent=310676"}],"wp:term":[{"taxonomy":"category","embeddable":true,"href":"https:\/\/diariodominicano.com\/index.php?rest_route=%2Fwp%2Fv2%2Fcategories&post=310676"},{"taxonomy":"post_tag","embeddable":true,"href":"https:\/\/diariodominicano.com\/index.php?rest_route=%2Fwp%2Fv2%2Ftags&post=310676"}],"curies":[{"name":"wp","href":"https:\/\/api.w.org\/{rel}","templated":true}]}}