{"id":310658,"date":"2021-11-23T23:15:48","date_gmt":"2021-11-24T03:15:48","guid":{"rendered":"http:\/\/diariodominicano.com\/?p=310658"},"modified":"2021-11-23T23:15:48","modified_gmt":"2021-11-24T03:15:48","slug":"argentina-iniciara-en-enero-de-2022-ensayos-de-fase-1-para-vacuna-contra-covid-19","status":"publish","type":"post","link":"https:\/\/diariodominicano.com\/?p=310658","title":{"rendered":"Argentina iniciar\u00e1 en enero de 2022 ensayos de Fase 1 para vacuna contra COVID-19"},"content":{"rendered":"\n<p>diariodominicano.com<a rel=\"noreferrer noopener\" href=\"https:\/\/www.xinhua-news.com\/gdsdetailxhs\/share\/10641307-?pageflag=iframe\" target=\"_blank\"><\/a><\/p>\n\n\n\n<pre id=\"text-news-description\" class=\"wp-block-preformatted\">   BUENOS AIRES, 23 nov (Xinhua) -- Argentina iniciar\u00e1 en enero de 2022 los ensayos de Fase 1 en seres humanos para una vacuna contra la enfermedad del nuevo coronavirus (COVID-19), inform\u00f3 hoy martes el Ministerio de Ciencia, Tecnolog\u00eda e Innovaci\u00f3n.\n   El titular de esa cartera, Daniel Filmus, dijo que el candidato vacunal, denominado \"ARVAC-Cecilia Grierson\", en homenaje a la primera mujer m\u00e9dica de Argentina, \"terminar\u00e1 a fin de 2021 con los estudios precl\u00ednicos\", mientras que se prev\u00e9 para enero de 2022 los ensayos de Fase 1.\n   \"Esperamos que el desarrollo permita, con el aporte del Estado y la articulaci\u00f3n con el sector privado, poder a fines de 2022, principio de 2023, escalar la producci\u00f3n para tener la vacuna nacional\", subray\u00f3 el funcionario de acuerdo con un comunicado de la cartera de Ciencia.\n   Cient\u00edficos de Argentina, en un desarrollo que aglutina al sector p\u00fablico y el privado, lograron producir una vacuna con buenas pr\u00e1cticas de manufactura que en las pruebas precl\u00ednicas en el laboratorio mostr\u00f3 ser eficaz frente al virus y ahora se est\u00e1n terminando los ensayos toxicol\u00f3gicos, indic\u00f3 el Ministerio de Ciencia.\n   Las fases cl\u00ednicas tienen tres etapas: en la primera, se eval\u00faa la seguridad de la vacuna en un grupo reducido de personas; en las Fases 2 y 3 se escala a grupos m\u00e1s numerosos de voluntarios.\n   Argentina registr\u00f3 su primer caso de COVID-19 en marzo de 2020 y acumul\u00f3 hasta el martes 5.317.633 contagios y 116.415 decesos, mientras lleva aplicadas 66.125.697 vacunas contra la enfermedad desde diciembre, cuando inici\u00f3 la campa\u00f1a de inoculaci\u00f3n.<\/pre>\n","protected":false},"excerpt":{"rendered":"<p>diariodominicano.com BUENOS AIRES, 23 nov (Xinhua) &#8212; Argentina iniciar\u00e1 en enero de 2022 los ensayos de Fase 1 en seres humanos para una vacuna contra la enfermedad del nuevo coronavirus (COVID-19), inform\u00f3 hoy martes el Ministerio de Ciencia, Tecnolog\u00eda e Innovaci\u00f3n. El titular de esa cartera, Daniel Filmus, dijo que el candidato vacunal, denominado \u00abARVAC-Cecilia [&hellip;]<\/p>\n","protected":false},"author":5,"featured_media":310662,"comment_status":"closed","ping_status":"","sticky":true,"template":"","format":"standard","meta":{"footnotes":""},"categories":[23,27],"tags":[],"class_list":["post-310658","post","type-post","status-publish","format-standard","has-post-thumbnail","hentry","category-internacional","category-portada"],"_links":{"self":[{"href":"https:\/\/diariodominicano.com\/index.php?rest_route=\/wp\/v2\/posts\/310658","targetHints":{"allow":["GET"]}}],"collection":[{"href":"https:\/\/diariodominicano.com\/index.php?rest_route=\/wp\/v2\/posts"}],"about":[{"href":"https:\/\/diariodominicano.com\/index.php?rest_route=\/wp\/v2\/types\/post"}],"author":[{"embeddable":true,"href":"https:\/\/diariodominicano.com\/index.php?rest_route=\/wp\/v2\/users\/5"}],"replies":[{"embeddable":true,"href":"https:\/\/diariodominicano.com\/index.php?rest_route=%2Fwp%2Fv2%2Fcomments&post=310658"}],"version-history":[{"count":1,"href":"https:\/\/diariodominicano.com\/index.php?rest_route=\/wp\/v2\/posts\/310658\/revisions"}],"predecessor-version":[{"id":310663,"href":"https:\/\/diariodominicano.com\/index.php?rest_route=\/wp\/v2\/posts\/310658\/revisions\/310663"}],"wp:featuredmedia":[{"embeddable":true,"href":"https:\/\/diariodominicano.com\/index.php?rest_route=\/wp\/v2\/media\/310662"}],"wp:attachment":[{"href":"https:\/\/diariodominicano.com\/index.php?rest_route=%2Fwp%2Fv2%2Fmedia&parent=310658"}],"wp:term":[{"taxonomy":"category","embeddable":true,"href":"https:\/\/diariodominicano.com\/index.php?rest_route=%2Fwp%2Fv2%2Fcategories&post=310658"},{"taxonomy":"post_tag","embeddable":true,"href":"https:\/\/diariodominicano.com\/index.php?rest_route=%2Fwp%2Fv2%2Ftags&post=310658"}],"curies":[{"name":"wp","href":"https:\/\/api.w.org\/{rel}","templated":true}]}}