{"id":310655,"date":"2021-11-23T23:09:02","date_gmt":"2021-11-24T03:09:02","guid":{"rendered":"http:\/\/diariodominicano.com\/?p=310655"},"modified":"2021-11-23T23:09:02","modified_gmt":"2021-11-24T03:09:02","slug":"senado-aprueba-en-primera-lectura-el-proyecto-de-ley-sobre-gestion-de-la-ciberseguridad","status":"publish","type":"post","link":"https:\/\/diariodominicano.com\/?p=310655","title":{"rendered":"Senado aprueba en primera lectura el proyecto de Ley sobre Gesti\u00f3n de la Ciberseguridad"},"content":{"rendered":"\n<p>diariodominicano.com<\/p>\n\n\n\n<p><strong>Santo Domingo, R. D.,  23 de noviembre, 2021.-<\/strong>\u00a0\u00a0El Senado de la Rep\u00fablica aprob\u00f3 este martes en primera lectura el proyecto de\u00a0 Ley sobre Gesti\u00f3n de la Ciberseguridad en Rep\u00fablica Dominicana, iniciativa propuesta por la senadora Faride Raful (Distrito Nacional).<\/p>\n\n\n\n<p>Esta pieza regula la prevenci\u00f3n, gesti\u00f3n y respuestas a las amenazas e incidentes de ciberseguridad y otros aspectos relativos a la seguridad cibern\u00e9tica de las infraestructuras cr\u00edticas en Rep\u00fablica Dominicana.<\/p>\n\n\n\n<p>Refiere en uno de sus considerandos que las tecnolog\u00edas de la informaci\u00f3n y comunicaci\u00f3n desempe\u00f1an un papel imprescindible para las actividades econ\u00f3micas y sociales, y por tanto,&nbsp; para&nbsp; el&nbsp; desarrollo&nbsp; de&nbsp; la&nbsp; Rep\u00fablica Dominicana.&nbsp;&nbsp; Que cualquier vulnerabilidad en las redes y&nbsp; sistemas&nbsp; de informaci\u00f3n que soportan los servicios que se ofrecen a trav\u00e9s de las mismas representa un grave riesgo para que se materialicen amenazas o incidentes de ciberseguridad atentatorios contra la seguridad de dichas redes y sistemas de informaci\u00f3n que podr\u00edan interrumpir, parcial o totalmente, las actividades econ\u00f3micas del pa\u00eds, &nbsp;generando&nbsp;&nbsp; considerables&nbsp;&nbsp; p\u00e9rdidas&nbsp;&nbsp; financieras&nbsp;&nbsp; y menoscabando la confianza de los usuarios.<\/p>\n\n\n\n<p>Los legisladores sancionaron,&nbsp;adem\u00e1s, en primera lectura, el proyecto de Ley de comercio mar\u00edtimo, esta iniciativa es de los senadores Alexis Victoria (Mar\u00eda Trinidad S\u00e1nchez) y F\u00e9lix Bautista (San Juan). El senador Alexis Victoria solicit\u00f3 al Pleno Senatorial que esta pieza sea incluida en los trabajos legislativos de este martes.<\/p>\n\n\n\n<p>Esta Ley tiene el prop\u00f3sito de regular dentro del territorio de la Rep\u00fablica Dominicana los hechos y relaciones jur\u00eddicas relativas a las naves mar\u00edtimas nacionales y extranjeras, as\u00ed como aquellos que surgen del transporte y dem\u00e1s actividades mar\u00edtimas, para asegurar y proteger los leg\u00edtimos derechos e intereses de las partes involucradas y, a la vez, promover la seguridad y el desarrollo del sector mar\u00edtimo, la econom\u00eda y el comercio en el pa\u00eds.<\/p>\n\n\n\n<p>El proyecto se\u00f1ala que es necesario definir una pol\u00edtica mar\u00edtima nacional con una visi\u00f3n integral de Estado hacia el sector mar\u00edtimo y portuario, dotando al pa\u00eds de un registro de naves mar\u00edtimas que incentive el crecimiento de la flota nacional, capte el registro provisional de naves de banderas extranjeras y definir las figuras jur\u00eddicas que intervienen en el comercio mar\u00edtimo.<\/p>\n\n\n\n<p>Adem\u00e1s, fue aprobado en primera lectura el proyecto de Ley que designa con el nombre doctor Emilio Cordero Michel, el edificio del Museo Nacional de Historia y Geograf\u00eda, iniciativa presentada al Pleno por el senador Dionis S\u00e1nchez (Pedernales).<\/p>\n\n\n\n<p>En los trabajos legislativos de este martes los senadores aprobaron en \u00fanica lectura la Resoluci\u00f3n que felicita a la alcald\u00eda del municipio de Tamayo, provincia Bahoruco, en la persona de su alcalde, Luis Milc\u00edades Montes de Oca, por su destacada participaci\u00f3n y aporte del producto principal, el pl\u00e1tano, en &nbsp;la consecuci\u00f3n del record Guinness por el mang\u00fa servido m\u00e1s grande del mundo.&nbsp;<\/p>\n\n\n\n<p>El senador Alexis Victoria (Mar\u00eda Trinidad S\u00e1nchez) solicit\u00f3 a sus pares guardar un minuto de silencio por el fallecimiento del cronista deportivo Tom\u00e1s Troncoso.<\/p>\n\n\n\n<p>Durante el turno de ponencias, el senador Pedro Catrain (Saman\u00e1) present\u00f3 el proyecto de Ley para declarar reserva natural de flora y fauna a los manglares de Las Garitas, ubicado en S\u00e1nchez, provincia Saman\u00e1, iniciativa enviada a la Comisi\u00f3n de Recursos Naturales y Medio Ambiente del Senado.<\/p>\n\n\n\n<p>Tambi\u00e9n, el senador Jos\u00e9 Antonio Castillo (San Jos\u00e9 de Ocoa) introdujo una Resoluci\u00f3n que solicita al presidente Luis Abinader construir un centro de hemodi\u00e1lisis en su provincia, la iniciativa fue enviada a la Comisi\u00f3n de Salud P\u00fablica.<\/p>\n\n\n\n<p>En otro orden, el senador Ram\u00f3n Pimentel (Montecristi) anunci\u00f3 que la pr\u00f3xima semana el presidente Luis Abinader estar\u00e1 nuevamente de visita en su provincia inaugurando importantes obras que impactar\u00e1n en la mejor\u00eda del turismo y la calidad de vida de sus habitantes. Tambi\u00e9n agradeci\u00f3 al ministro de Obras P\u00fablicas el inicio de los trabajos en la Autopista Duarte desde Guayacanes hasta Montecristi.<\/p>\n\n\n\n<p>La senadora Melania Salvador Jim\u00e9nez (Bahoruco) aprovech\u00f3 su turno para agradecer al Gobierno las obras anunciadas en su provincia. A su juicio, las mismas evidencian que ya el sur no est\u00e1 olvidado. \u201cBahoruco est\u00e1 de j\u00fabilo\u201d, dijo al dar las gracias al presidente Luis Abinader por la realizaci\u00f3n all\u00e1 de la reuni\u00f3n del Consejo de Gobierno.<\/p>\n\n\n\n<p>De igual manera, el senador H\u00e9ctor Acosta (Monse\u00f1or Nouel) pidi\u00f3 a los mun\u00edcipes de su provincia recibir con alegr\u00eda, \u201cy como \u00e9l se lo merece, por todo lo alto\u201d la visita del presidente Luis Abinader, para escuchar a sus habitantes.<\/p>\n\n\n\n<p>&nbsp;\u201cNo podemos enfocarnos s\u00f3lo en empleos, sino en soluciones colectivas para todos los dominicanos\u201d, asegur\u00f3 el senador Lenin Valdez (Monte Plata), al valorar que el presidente Luis Abinader entreg\u00f3 260 t\u00edtulos a parceleros y a due\u00f1os de solares de varias comunidades de Monte Plata. \u201cEsos t\u00edtulos desde hoy forman parte del patrimonio de cada familia\u201d.<\/p>\n\n\n\n<p>El senador Antonio Marte (Santiago Rodr\u00edguez) abog\u00f3 por la construcci\u00f3n de centros log\u00edsticos en la zona fronteriza para facilitar el intercambio de mercanc\u00edas en la zona fronteriza.<\/p>\n\n\n\n<p>Sobre el tema haitiano, el senador de La Vega, Ing. Ram\u00f3n Rogelio Genao respald\u00f3 la posici\u00f3n del presidente Luis Abinader de que el sistema de salud no da para atender dos pa\u00edses, \u201cRep\u00fablica Dominicana no puede seguir cargando cruces ajenas\u201d.<\/p>\n\n\n\n<p>\u201cNuestro presupuesto no alcanza para dos naciones\u201d, dijo el vicepresidente del Senado de la Rep\u00fablica, Santiago Jos\u00e9 Zorrilla (El Seibo), y pidi\u00f3 a la comunidad internacional extender la mano a Hait\u00ed. Record\u00f3 que la Rep\u00fablica Dominicana ha sido la naci\u00f3n m\u00e1s solidaria con el pueblo haitiano.<\/p>\n\n\n\n<p>Se conform\u00f3 la Comisi\u00f3n Especial para investigar la reconstrucci\u00f3n de las carreteras Sabana Larga-Rancho Arriba, ubicadas en San Jos\u00e9 de Ocoa. Ser\u00e1 presidida por el Lic. Ricardo de los Santos (S\u00e1nchez Ram\u00edrez) \u00a0y estar\u00e1 conformada por Jos\u00e9 del Castillo (Barahona); L\u00eda D\u00edaz Santana (Azua); David Sosa (Dajab\u00f3n); Antonio Marte (Santiago Rodr\u00edguez); y Milc\u00edades Franjul (Peravia). \u00a0<\/p>\n\n\n\n<p>Fuente: Senado de la Rep\u00fablica Dominicana<\/p>\n\n\n\n<p>Publicado por: Luis Guzm\u00e1n<\/p>\n","protected":false},"excerpt":{"rendered":"<p>diariodominicano.com Santo Domingo, R. D., 23 de noviembre, 2021.-\u00a0\u00a0El Senado de la Rep\u00fablica aprob\u00f3 este martes en primera lectura el proyecto de\u00a0 Ley sobre Gesti\u00f3n de la Ciberseguridad en Rep\u00fablica Dominicana, iniciativa propuesta por la senadora Faride Raful (Distrito Nacional). Esta pieza regula la prevenci\u00f3n, gesti\u00f3n y respuestas a las amenazas e incidentes de ciberseguridad [&hellip;]<\/p>\n","protected":false},"author":5,"featured_media":310656,"comment_status":"closed","ping_status":"","sticky":true,"template":"","format":"standard","meta":{"footnotes":""},"categories":[24,27],"tags":[],"class_list":["post-310655","post","type-post","status-publish","format-standard","has-post-thumbnail","hentry","category-justicia-y-derecho","category-portada"],"_links":{"self":[{"href":"https:\/\/diariodominicano.com\/index.php?rest_route=\/wp\/v2\/posts\/310655","targetHints":{"allow":["GET"]}}],"collection":[{"href":"https:\/\/diariodominicano.com\/index.php?rest_route=\/wp\/v2\/posts"}],"about":[{"href":"https:\/\/diariodominicano.com\/index.php?rest_route=\/wp\/v2\/types\/post"}],"author":[{"embeddable":true,"href":"https:\/\/diariodominicano.com\/index.php?rest_route=\/wp\/v2\/users\/5"}],"replies":[{"embeddable":true,"href":"https:\/\/diariodominicano.com\/index.php?rest_route=%2Fwp%2Fv2%2Fcomments&post=310655"}],"version-history":[{"count":1,"href":"https:\/\/diariodominicano.com\/index.php?rest_route=\/wp\/v2\/posts\/310655\/revisions"}],"predecessor-version":[{"id":310657,"href":"https:\/\/diariodominicano.com\/index.php?rest_route=\/wp\/v2\/posts\/310655\/revisions\/310657"}],"wp:featuredmedia":[{"embeddable":true,"href":"https:\/\/diariodominicano.com\/index.php?rest_route=\/wp\/v2\/media\/310656"}],"wp:attachment":[{"href":"https:\/\/diariodominicano.com\/index.php?rest_route=%2Fwp%2Fv2%2Fmedia&parent=310655"}],"wp:term":[{"taxonomy":"category","embeddable":true,"href":"https:\/\/diariodominicano.com\/index.php?rest_route=%2Fwp%2Fv2%2Fcategories&post=310655"},{"taxonomy":"post_tag","embeddable":true,"href":"https:\/\/diariodominicano.com\/index.php?rest_route=%2Fwp%2Fv2%2Ftags&post=310655"}],"curies":[{"name":"wp","href":"https:\/\/api.w.org\/{rel}","templated":true}]}}