{"id":310637,"date":"2021-11-23T22:36:30","date_gmt":"2021-11-24T02:36:30","guid":{"rendered":"http:\/\/diariodominicano.com\/?p=310637"},"modified":"2021-11-23T22:37:13","modified_gmt":"2021-11-24T02:37:13","slug":"gabinete-turismo-logra-acuerdo-entre-taxistas-y-uber-que-operan-en-destinos-turisticos","status":"publish","type":"post","link":"https:\/\/diariodominicano.com\/?p=310637","title":{"rendered":"Gabinete Turismo logra acuerdo entre taxistas y Uber que operan en destinos tur\u00edsticos"},"content":{"rendered":"\n<p>diariodominicano.com<\/p>\n\n\n\n<p><strong>Santo Domingo, R. D.,  23 de noviembre, 2021.-<\/strong>\u00a0El ministro de Turismo, David Collado, anunci\u00f3 este martes un acuerdo definitivo entre los taxis tur\u00edsticos y la plataforma de UBER para operar en los destinos tur\u00edsticos del pa\u00eds, con lo que se le pone fin a un viejo conflicto.<\/p>\n\n\n\n<p>El acuerdo se hizo oficial despu\u00e9s de una reuni\u00f3n de varias horas entre los sindicatos de taxis, representantes de UBER y ASONAHORES, con la mediaci\u00f3n del ministro Collado y el director ejecutivo del Instituto Nacional de Tr\u00e1nsito y Transporte Terrestre (INTRANT), Rafael Arias.<\/p>\n\n\n\n<p>El ministro de Turismo calific\u00f3 el acuerdo de \u201ctrascendental\u201d&nbsp; y dijo que gracias a la gesti\u00f3n del gobierno se lleg\u00f3 a un entendimiento.<\/p>\n\n\n\n<p>\u00abCon este paso quedan terminados los problemas y los incidentes en la Regi\u00f3n Este del pa\u00eds. Hoy Rep\u00fablica Dominicana da un paso de avance hac\u00eda el progreso, el consenso y el di\u00e1logo, que es lo que han hecho los taxistas y la compa\u00f1\u00eda Uber\u00bb, sostuvo Collado al anunciar el acuerdo.<\/p>\n\n\n\n<p>Inform\u00f3 que, como parte del convenio, unos 4,500 taxistas van a formar parte de la plataforma de Uber en la Regi\u00f3n Este y los dem\u00e1s polos tur\u00edsticos del pa\u00eds.<\/p>\n\n\n\n<p>La directora de pol\u00edticas p\u00fablicas Uber para Centroam\u00e9rica, el Caribe y pa\u00edses andinos, Silvia Alvarado, expres\u00f3 su satisfacci\u00f3n por el acuerdo con los taxistas.<\/p>\n\n\n\n<p>Igualmente, el presidente de la Confederaci\u00f3n de Taxis Tur\u00edsticos,&nbsp; Santiago Zamora, manifest\u00f3, que, con el acuerdo, los&nbsp;<em>impasses<\/em>&nbsp;que se registraron en los destinos \u201cson cosa del pasado\u201d.<\/p>\n\n\n\n<p>&nbsp;El director del Instituto Nacional de Tr\u00e1nsito y Transporte Terrestre (INTRANT), Rafael Arias, destac\u00f3 la importancia del acuerdo y expres\u00f3 que a trav\u00e9s de su instituci\u00f3n se realizar\u00e1n todos los registros.<\/p>\n\n\n\n<p>\u201cTambi\u00e9n los taxistas de Uber deber\u00e1n registrarse en el INTRANT\u201d, enfatiz\u00f3.<\/p>\n\n\n\n<p>Para el presidente de la Asociaci\u00f3n Nacional de Hoteles y Turismo, Rafael Blanco, con el acuerdo entre Uber y los taxistas gana el turismo y el pa\u00eds.<\/p>\n\n\n\n<p>\u00a0Dijo que eso demuestra la capacidad de di\u00e1logo que existe en el pa\u00eds por el bienestar del turismo, sector que genera m\u00e1s de 500,000 empleos.<\/p>\n\n\n\n<p>Fuente: Direcci\u00f3n de Estrategia y Comunicaci\u00f3n Gubernamental<\/p>\n\n\n\n<p>Ministerio Administrativo de la Presidencia de la Rep\u00fablica Dominicana<\/p>\n","protected":false},"excerpt":{"rendered":"<p>diariodominicano.com Santo Domingo, R. D., 23 de noviembre, 2021.-\u00a0El ministro de Turismo, David Collado, anunci\u00f3 este martes un acuerdo definitivo entre los taxis tur\u00edsticos y la plataforma de UBER para operar en los destinos tur\u00edsticos del pa\u00eds, con lo que se le pone fin a un viejo conflicto. El acuerdo se hizo oficial despu\u00e9s de [&hellip;]<\/p>\n","protected":false},"author":5,"featured_media":310638,"comment_status":"closed","ping_status":"","sticky":true,"template":"","format":"standard","meta":{"footnotes":""},"categories":[20,27],"tags":[],"class_list":["post-310637","post","type-post","status-publish","format-standard","has-post-thumbnail","hentry","category-dominicana-hoy","category-portada"],"_links":{"self":[{"href":"https:\/\/diariodominicano.com\/index.php?rest_route=\/wp\/v2\/posts\/310637","targetHints":{"allow":["GET"]}}],"collection":[{"href":"https:\/\/diariodominicano.com\/index.php?rest_route=\/wp\/v2\/posts"}],"about":[{"href":"https:\/\/diariodominicano.com\/index.php?rest_route=\/wp\/v2\/types\/post"}],"author":[{"embeddable":true,"href":"https:\/\/diariodominicano.com\/index.php?rest_route=\/wp\/v2\/users\/5"}],"replies":[{"embeddable":true,"href":"https:\/\/diariodominicano.com\/index.php?rest_route=%2Fwp%2Fv2%2Fcomments&post=310637"}],"version-history":[{"count":2,"href":"https:\/\/diariodominicano.com\/index.php?rest_route=\/wp\/v2\/posts\/310637\/revisions"}],"predecessor-version":[{"id":310640,"href":"https:\/\/diariodominicano.com\/index.php?rest_route=\/wp\/v2\/posts\/310637\/revisions\/310640"}],"wp:featuredmedia":[{"embeddable":true,"href":"https:\/\/diariodominicano.com\/index.php?rest_route=\/wp\/v2\/media\/310638"}],"wp:attachment":[{"href":"https:\/\/diariodominicano.com\/index.php?rest_route=%2Fwp%2Fv2%2Fmedia&parent=310637"}],"wp:term":[{"taxonomy":"category","embeddable":true,"href":"https:\/\/diariodominicano.com\/index.php?rest_route=%2Fwp%2Fv2%2Fcategories&post=310637"},{"taxonomy":"post_tag","embeddable":true,"href":"https:\/\/diariodominicano.com\/index.php?rest_route=%2Fwp%2Fv2%2Ftags&post=310637"}],"curies":[{"name":"wp","href":"https:\/\/api.w.org\/{rel}","templated":true}]}}