{"id":310632,"date":"2021-11-23T22:32:15","date_gmt":"2021-11-24T02:32:15","guid":{"rendered":"http:\/\/diariodominicano.com\/?p=310632"},"modified":"2021-11-23T22:32:15","modified_gmt":"2021-11-24T02:32:15","slug":"elecciones-chilenas-dejan-fuera-a-partidos-tradicionales-y-pais-mira-al-centro-pese-a-estallido-social","status":"publish","type":"post","link":"https:\/\/diariodominicano.com\/?p=310632","title":{"rendered":"Elecciones chilenas dejan fuera a partidos tradicionales y pa\u00eds mira al centro pese a estallido social"},"content":{"rendered":"\n<p>diariodominicano.com<a rel=\"noreferrer noopener\" href=\"https:\/\/www.xinhua-news.com\/gdsdetailxhs\/share\/10640841-?pageflag=iframe\" target=\"_blank\"><\/a><\/p>\n\n\n\n<pre id=\"text-news-description\" class=\"wp-block-preformatted\">   Por Crist\u00f3bal Ch\u00e1vez Bravo\n   SANTIAGO, 23 nov (Xinhua) -- Las elecciones chilenas del pasado domingo dejaron fuera a los candidatos presidenciales de los bloques pol\u00edticos tradicionales de los \u00faltimos 30 a\u00f1os y un Congreso fragmentado, con votantes que miran con m\u00e1s distancia el estallido social de octubre de 2019.\n   Los comicios en la naci\u00f3n sudamericana concluyeron con el candidato de extremaderecha, Jos\u00e9 Antonio Kast, y el izquierdista, Gabriel Boric, como las dos mayor\u00edas que tendr\u00e1n que buscar el voto popular en la segunda vuelta que se celebrar\u00e1 el pr\u00f3ximo 19 de diciembre.\n   Ambos aspirantes no son parte de los bloques de izquierda y derecha tradicional chilena, que gobernaron en el pa\u00eds en los \u00faltimos 30 y que tuvieron entre sus l\u00edderes a la actual alta comisionada de las Naciones Unidas para los Derechos Humanos, Michelle Bachelet, o al actual presidente chileno, Sebasti\u00e1n Pi\u00f1era, ambos electos en dos per\u00edodos.\n   \"Eso es un reflejo de lo que ha ocurrido en el \u00faltimo tiempo, un reflejo del estallido social\", explic\u00f3 a Xinhua el polit\u00f3logo Mario Herrera.\n   Tanto el candidato presidencial oficialista Sebasti\u00e1n Sichel, como la aspirante a mandataria de centroizquierda, Yasna Provoste, se ubicaron en un cuarto y quinto lugar, respectivamente, en los resultados finales.\n   Herrera, tambi\u00e9n acad\u00e9mico de la Facultad de Ciencias Jur\u00eddicas y Sociales de la Universidad de Talca, aclar\u00f3 que si bien existe en Chile \"cierta fragmentaci\u00f3n\" porque aument\u00f3 la cantidad y el n\u00famero efectivo de partidos pol\u00edticos, los dos candidatos del balotaje avanzaron moderando sus discursos.\n   \"Son candidatos que quiz\u00e1 de origen provienen de los extremos, pero que para la primera vuelta y sobre todo para esta segunda vuelta, tratan de ir a buscar el votante de centro\", indic\u00f3.\n   Kast, el abanderado del ultraconservador Partido Republicano de Chile, consigui\u00f3 el 27,91 por ciento de los votos con un programa de gobierno centrado en el orden, severas medidas antimigratorias y la reducci\u00f3n del Estado.\n   Mientras que Boric, el proclamado del izquierdista bloque \"Apruebo Dignidad\", capt\u00f3 el 25,83 por ciento de los sufragios tras prometer amenazar el sistema neoliberal que impera en el pa\u00eds, el aumento de impuesto a los m\u00e1s ricos en un programa cercano a las socialdemocracias europeas, y encausar las demandas del estallido social que irrumpi\u00f3 en Chile en 2019.\n   Es primera vez desde que se comenz\u00f3 a utilizar este mecanismo, en 1989, que uno de los dos candidatos que avanza al balotaje no toma una ventaja significativa con su contendiente electoral.\n   \"Pareciera ser que es parad\u00f3jico que el candidato que va encabezando esta primera vuelta presidencial sea un candidato de derecha tras un estallido social y que, particularmente, la coalici\u00f3n de centroderecha saliera con resultados que, al menos, le permite la sobrevivencia dentro del Congreso\", explic\u00f3 Herrera.\n   El m\u00e1ster en pol\u00edtica y gobierno coment\u00f3 que a medida que el pa\u00eds se aleja del estallido social, se va acercando a la situaci\u00f3n inicial.\n   \"Un pa\u00eds mayoritariamente moderado, con ciertos s\u00edntomas de dilataci\u00f3n de la democracia, con una baja confianza a las instituciones, un alto desinter\u00e9s en la pol\u00edtica\", dijo.\n   En esta elecci\u00f3n, aclar\u00f3, aument\u00f3 el votante moderado.\n   \"Volvemos a tener el centro de la escala ideol\u00f3gica como el lugar mayoritario. Nos vamos acercando al estado preestallido social. De alguna forma, el estallido social sirvi\u00f3 para ofrecer las condiciones de ciertos cambios y estas transformaciones\", como el establecimiento de la Convenci\u00f3n Constituyente que ofrecer\u00e1 una nueva Constituci\u00f3n para el pa\u00eds, explic\u00f3.\n   Por esta raz\u00f3n, Herrera remarc\u00f3 que Kast consigui\u00f3 el primer lugar porque enganch\u00f3 con el electorado vol\u00e1til.\n   \"Son las personas que votan por variables de corto plazo, que votan por promesas, que votan por programas, que votan por una idea de futuro por los pr\u00f3ximos cuatro a\u00f1os, m\u00e1s que por cuestiones ideol\u00f3gicas o fisuras dentro de la sociedad\", indic\u00f3.\n   En las elecciones chilenas tambi\u00e9n irrumpi\u00f3 una tercera fuerza bajo la ret\u00f3rica del candidato del Partido de la Gente, Franco Parisi, quien, pese a no visitar el pa\u00eds durante su campa\u00f1a, y montarla exclusivamente en plataformas virtuales, obtuvo 12,80 por ciento de las preferencias.\n   Para el experto chileno, los votantes de Parisi no tienen domicilio ideol\u00f3gico conocido, m\u00e1s bien \"cruzan la escala ideol\u00f3gica por completo\".\n   \"Son personas en su mayor\u00eda profesionales j\u00f3venes o clase media emergente, todas estas personas que vieron mejorar mucho su situaci\u00f3n econ\u00f3mica en funci\u00f3n de una generaci\u00f3n anterior, pero que creen que el pa\u00eds no est\u00e1 tan bien. Tiene un discurso que engancha muy bien con un electoral que adem\u00e1s es vol\u00e1til\", complement\u00f3.   \n   Para la polit\u00f3loga y acad\u00e9mica de la Facultad de Humanidades de la Universidad de Santiago, Pamela Figueroa, el problema de la gobernabilidad va a estar presente para el presidente que salga electo, con un Congreso fragmentado.\n   \"Lo m\u00e1s probable es que tengamos un gobierno que no tiene mayor\u00eda en el Congreso, lo que genera tensi\u00f3n por el bloqueo entre ambos poderes\", abund\u00f3.\n   \"El resultado electoral se acerca mucho m\u00e1s a la tesis de la polarizaci\u00f3n social y no solamente a la polarizaci\u00f3n de la \u00e9lite. En 2020, lo que ve\u00edamos la mayor\u00eda de los analistas es que hab\u00eda una polarizaci\u00f3n de elite, pero no de la sociedad\", indic\u00f3.\n   Figueroa sentenci\u00f3 que la salida al malestar que vivi\u00f3 Chile en 2019 fue \"democr\u00e1tica, institucional y participativa, eso resolvi\u00f3 esa gran tensi\u00f3n, pero, claramente, hay un escenario distinto hoy\". <\/pre>\n","protected":false},"excerpt":{"rendered":"<p>diariodominicano.com Por Crist\u00f3bal Ch\u00e1vez Bravo SANTIAGO, 23 nov (Xinhua) &#8212; Las elecciones chilenas del pasado domingo dejaron fuera a los candidatos presidenciales de los bloques pol\u00edticos tradicionales de los \u00faltimos 30 a\u00f1os y un Congreso fragmentado, con votantes que miran con m\u00e1s distancia el estallido social de octubre de 2019. Los comicios en la naci\u00f3n [&hellip;]<\/p>\n","protected":false},"author":5,"featured_media":310633,"comment_status":"closed","ping_status":"","sticky":true,"template":"","format":"standard","meta":{"footnotes":""},"categories":[23,27],"tags":[],"class_list":["post-310632","post","type-post","status-publish","format-standard","has-post-thumbnail","hentry","category-internacional","category-portada"],"_links":{"self":[{"href":"https:\/\/diariodominicano.com\/index.php?rest_route=\/wp\/v2\/posts\/310632","targetHints":{"allow":["GET"]}}],"collection":[{"href":"https:\/\/diariodominicano.com\/index.php?rest_route=\/wp\/v2\/posts"}],"about":[{"href":"https:\/\/diariodominicano.com\/index.php?rest_route=\/wp\/v2\/types\/post"}],"author":[{"embeddable":true,"href":"https:\/\/diariodominicano.com\/index.php?rest_route=\/wp\/v2\/users\/5"}],"replies":[{"embeddable":true,"href":"https:\/\/diariodominicano.com\/index.php?rest_route=%2Fwp%2Fv2%2Fcomments&post=310632"}],"version-history":[{"count":1,"href":"https:\/\/diariodominicano.com\/index.php?rest_route=\/wp\/v2\/posts\/310632\/revisions"}],"predecessor-version":[{"id":310635,"href":"https:\/\/diariodominicano.com\/index.php?rest_route=\/wp\/v2\/posts\/310632\/revisions\/310635"}],"wp:featuredmedia":[{"embeddable":true,"href":"https:\/\/diariodominicano.com\/index.php?rest_route=\/wp\/v2\/media\/310633"}],"wp:attachment":[{"href":"https:\/\/diariodominicano.com\/index.php?rest_route=%2Fwp%2Fv2%2Fmedia&parent=310632"}],"wp:term":[{"taxonomy":"category","embeddable":true,"href":"https:\/\/diariodominicano.com\/index.php?rest_route=%2Fwp%2Fv2%2Fcategories&post=310632"},{"taxonomy":"post_tag","embeddable":true,"href":"https:\/\/diariodominicano.com\/index.php?rest_route=%2Fwp%2Fv2%2Ftags&post=310632"}],"curies":[{"name":"wp","href":"https:\/\/api.w.org\/{rel}","templated":true}]}}