{"id":310574,"date":"2021-11-23T21:23:51","date_gmt":"2021-11-24T01:23:51","guid":{"rendered":"http:\/\/diariodominicano.com\/?p=310574"},"modified":"2021-11-23T21:23:51","modified_gmt":"2021-11-24T01:23:51","slug":"republica-dominicana-es-electa-a-la-presidencia-del-centro-latinoamericano-de-administracion-para-el-desarrollo-clad","status":"publish","type":"post","link":"https:\/\/diariodominicano.com\/?p=310574","title":{"rendered":"Rep\u00fablica Dominicana es electa a la Presidencia del Centro Latinoamericano de Administraci\u00f3n Para el Desarrollo, CLAD"},"content":{"rendered":"\n<p>diariodominicano.com<\/p>\n\n\n\n<p>Bogot\u00e1, Colombia, R. D.,  23 de noviembre, 2021.- La Rep\u00fablica Dominicana, en la persona del ministro de Administraci\u00f3n P\u00fablica, Dar\u00edo Castillo Lugo, fue electa a la Presidencia del Centro Latinoamericano de Administraci\u00f3n Para el Desarrollo (CLAD), durante la LI Reuni\u00f3n Ordinaria Anual del Consejo Directivo, celebrada este martes en Bogot\u00e1, capital de Colombia.<\/p>\n\n\n\n<p>Tras recibir el respaldo un\u00e1nime de los integrantes del Consejo Directivo del CLAD, el titular del Ministerio de Administraci\u00f3n P\u00fablica (MAP) asumi\u00f3, de inmediato, las funciones como presidente de ese organismo internacional por el per\u00edodo 2021-2023.<\/p>\n\n\n\n<p>Castillo Lugo manifest\u00f3 que, con esta elecci\u00f3n, la Rep\u00fablica Dominicana contrae el compromiso de trabajar, juntamente con los Estados que integran el CLAD, para fortalecer el proceso de transformaci\u00f3n de la regi\u00f3n Iberoamericana, de cara a los nuevos retos que debe afrontar la Administraci\u00f3n P\u00fablica, y reforzar los lazos de cooperaci\u00f3n con otros organismos internacionales.<\/p>\n\n\n\n<p>\u201cExpresamos nuestro compromiso, como pa\u00eds, con las actividades de este importante organismo internacional, de obligada referencia en materia de Administraci\u00f3n P\u00fablica y Reforma del Estado\u201d, dijo el funcionario.<\/p>\n\n\n\n<p>Asegur\u00f3 que la transformaci\u00f3n y el fortalecimiento de la Administraci\u00f3n P\u00fablica es un objetivo que se cumple de cara a los ciudadanos y que esta es la direcci\u00f3n que, desde el Gobierno del Presidente Luis Abinader, se ha encauzado para la modernizaci\u00f3n del Estado Dominicano.<\/p>\n\n\n\n<p>Aprovech\u00f3 para saludar, de manera especial, a los representantes de Portugal, pa\u00eds que tambi\u00e9n postul\u00f3 a la presidencia del CLAD, pero que declin\u00f3 para apoyar a la Rep\u00fablica Dominicana.<\/p>\n\n\n\n<p>La elecci\u00f3n del ministro Castillo Lugo como presidente del CLAD se dio en el marco del XXVI Congreso Internacional sobre la Reforma al Estado y la Administraci\u00f3n P\u00fablica, uno de los escenarios de mayor importancia en Iberoam\u00e9rica para el intercambio de experiencias, investigaciones, estudios y publicaciones sobre los procesos de reforma del Estado y de modernizaci\u00f3n de la administraci\u00f3n, as\u00ed como de la gesti\u00f3n de los asuntos p\u00fablicos.<\/p>\n\n\n\n<p>Adem\u00e1s de los representantes de los pa\u00edses miembros, participaron como testigos los delegados de los organismos asociados, como el Instituto Centroamericano de Administraci\u00f3n P\u00fablica (ICAP), la Fundaci\u00f3n Internacional y para Iberoam\u00e9rica de Administraci\u00f3n y Pol\u00edticas P\u00fablicas (FIIAPP) y la Fundaci\u00f3n Iberoamericana para la Gesti\u00f3n de la Calidad (FUNDIBEQ).<\/p>\n\n\n\n<p><strong>Acerca del CLAD<\/strong><\/p>\n\n\n\n<p>El Centro Latinoamericano de Administraci\u00f3n para el Desarrollo, CLAD, es un organismo p\u00fablico internacional, de car\u00e1cter intergubernamental. Se constituy\u00f3 en el a\u00f1o 1972 y su creaci\u00f3n fue respaldada por la Asamblea General de las Naciones Unidas, con la idea de establecer una entidad regional que tuviera como eje de su actividad la modernizaci\u00f3n de las administraciones p\u00fablicas, un factor estrat\u00e9gico en el proceso de desarrollo econ\u00f3mico y social. El organismo cuenta con 23 pa\u00edses miembros plenos y uno observador.<\/p>\n\n\n\n<p>Fuente: Direcci\u00f3n de Estrategia y Comunicaci\u00f3n Gubernamental<\/p>\n\n\n\n<p>Ministerio Administrativo de la Presidencia de la Rep\u00fablica Dominicana<\/p>\n","protected":false},"excerpt":{"rendered":"<p>diariodominicano.com Bogot\u00e1, Colombia, R. D., 23 de noviembre, 2021.- La Rep\u00fablica Dominicana, en la persona del ministro de Administraci\u00f3n P\u00fablica, Dar\u00edo Castillo Lugo, fue electa a la Presidencia del Centro Latinoamericano de Administraci\u00f3n Para el Desarrollo (CLAD), durante la LI Reuni\u00f3n Ordinaria Anual del Consejo Directivo, celebrada este martes en Bogot\u00e1, capital de Colombia. Tras [&hellip;]<\/p>\n","protected":false},"author":5,"featured_media":310586,"comment_status":"closed","ping_status":"","sticky":true,"template":"","format":"standard","meta":{"footnotes":""},"categories":[20,27],"tags":[],"class_list":["post-310574","post","type-post","status-publish","format-standard","has-post-thumbnail","hentry","category-dominicana-hoy","category-portada"],"_links":{"self":[{"href":"https:\/\/diariodominicano.com\/index.php?rest_route=\/wp\/v2\/posts\/310574","targetHints":{"allow":["GET"]}}],"collection":[{"href":"https:\/\/diariodominicano.com\/index.php?rest_route=\/wp\/v2\/posts"}],"about":[{"href":"https:\/\/diariodominicano.com\/index.php?rest_route=\/wp\/v2\/types\/post"}],"author":[{"embeddable":true,"href":"https:\/\/diariodominicano.com\/index.php?rest_route=\/wp\/v2\/users\/5"}],"replies":[{"embeddable":true,"href":"https:\/\/diariodominicano.com\/index.php?rest_route=%2Fwp%2Fv2%2Fcomments&post=310574"}],"version-history":[{"count":1,"href":"https:\/\/diariodominicano.com\/index.php?rest_route=\/wp\/v2\/posts\/310574\/revisions"}],"predecessor-version":[{"id":310587,"href":"https:\/\/diariodominicano.com\/index.php?rest_route=\/wp\/v2\/posts\/310574\/revisions\/310587"}],"wp:featuredmedia":[{"embeddable":true,"href":"https:\/\/diariodominicano.com\/index.php?rest_route=\/wp\/v2\/media\/310586"}],"wp:attachment":[{"href":"https:\/\/diariodominicano.com\/index.php?rest_route=%2Fwp%2Fv2%2Fmedia&parent=310574"}],"wp:term":[{"taxonomy":"category","embeddable":true,"href":"https:\/\/diariodominicano.com\/index.php?rest_route=%2Fwp%2Fv2%2Fcategories&post=310574"},{"taxonomy":"post_tag","embeddable":true,"href":"https:\/\/diariodominicano.com\/index.php?rest_route=%2Fwp%2Fv2%2Ftags&post=310574"}],"curies":[{"name":"wp","href":"https:\/\/api.w.org\/{rel}","templated":true}]}}