{"id":310566,"date":"2021-11-23T21:05:38","date_gmt":"2021-11-24T01:05:38","guid":{"rendered":"http:\/\/diariodominicano.com\/?p=310566"},"modified":"2021-11-23T21:05:38","modified_gmt":"2021-11-24T01:05:38","slug":"onu-y-comunidad-internacional-acompanan-quinto-aniversario-de-acuerdo-de-paz-en-colombia","status":"publish","type":"post","link":"https:\/\/diariodominicano.com\/?p=310566","title":{"rendered":"ONU y comunidad internacional acompa\u00f1an quinto aniversario de acuerdo de Paz en Colombia"},"content":{"rendered":"\n<p>diariodominicano.com<a rel=\"noreferrer noopener\" href=\"https:\/\/www.xinhua-news.com\/gdsdetailxhs\/share\/10640853-?pageflag=iframe\" target=\"_blank\"><\/a><\/p>\n\n\n\n<pre id=\"text-news-description\" class=\"wp-block-preformatted\">   BOGOTA, 23 nov (Xinhua) -- El secretario general de la Organizaci\u00f3n de las Naciones Unidas (ONU), Ant\u00f3nio Guterres, y miembros de la comunidad internacional acompa\u00f1aron hoy martes el quinto aniversario del Acuerdo de Paz firmado entre el Estado colombiano y la extinta guerrilla de las Fuerzas Armadas Revolucionarias de Colombia (FARC).\n   El presidente colombiano, Iv\u00e1n Duque, lider\u00f3 una visita al antiguo Espacio de Capacitaci\u00f3n y Reincorporaci\u00f3n (ETCR) de Llano Grande, en Dabeiba, departamento de Antioquia (noroeste), en donde agradeci\u00f3 a la ONU y a los pa\u00edses por el permanente apoyo al proceso de paz de su pa\u00eds.\n   \"Hoy, gracias al equipo de Naciones Unidas, hemos podido mostrarle al mundo que las obras de los municipios PDET (Programas de Desarrollo con Enfoque Territorial), que la extensi\u00f3n de la Ley de V\u00edctimas, que la Agricultura por Contrato, que las v\u00edas terciarias, que el desminado humanitario, que el trabajo para cerrar brechas en el campo derivado de la violencia, son una realidad incuestionable en nuestro pa\u00eds\", dijo.\n   \"\u00bfQue falta camino por recorrer? Por supuesto, pero esa ser\u00e1 siempre la lucha del pueblo colombiano; lo cierto es que hoy la paz con legalidad es realidad y tiene presente y futuro\", a\u00f1adi\u00f3 el mandatario.\n   Por su parte, Ant\u00f3nio Guterres reconoci\u00f3 los avances de la implementaci\u00f3n de los acuerdos de paz pactados entre las partes cinco a\u00f1os atr\u00e1s, tras la visita a un taller de confecciones en el antiguo ETCR de Llano Grande.\n   \"Aprecio la oportunidad de encontrarme con miembros de Llano Grande en Colombia (...) Ellos saben que la paz no viene de un d\u00eda al otro, cuesta trabajo construirla, cuidarla y sostenerla\", agreg\u00f3.\n   El secretario general de la ONU subray\u00f3 la determinaci\u00f3n de los ex combatientes de la guerrilla de las FARC, que entregaron sus armas para reincorporarse a la vida civil a trav\u00e9s de diferentes proyectos productivos apoyados por el gobierno y por la comunidad internacional.\n   Algunos representantes de la comunidad internacional que participaron en la jornada fueron el embajador del Reino de Noruega en Colombia, John Petter Opdahl; el embajador de Cuba, Jos\u00e9 Luis Ponce, y la ministra para el Vecindario Europeo y las Am\u00e9ricas del Reino Unido, Wendy Morton.\n   Tambi\u00e9n participaron el jefe de la Misi\u00f3n de Verificaci\u00f3n de la ONU en Colombia, Carlos Ruiz Massieu, y el enviado Especial de la Uni\u00f3n Europea para el Proceso de Paz en Colombia, Eamon Gilmore.\n   \"Quiero felicitarlos por cinco a\u00f1os del Acuerdo de Paz en Colombia (...) Quiero dar la bienvenida a todos los hechos que se han logrado durante los \u00faltimos cinco a\u00f1os, especialmente los miles de vidas que se han salvado como resultado de este acuerdo de paz, y quiero felicitar a las personas de este ETCR por el trabajo aqu\u00ed hecho\", dijo Gilmore.\n   El funcionario asegur\u00f3 que el Acuerdo de Paz en Colombia es el m\u00e1s integral, ambicioso del mundo de este siglo, y reiter\u00f3 el compromiso de la comunidad europea para apoyar la implementaci\u00f3n del acuerdo que tiene muchos desaf\u00edos.\n   \"Hay que seguir trabajando para la reforma de tierras, el desarrollo rural, el sistema \u00fanico de justicia transicional que se tiene, las disposiciones que se tienen para la protecci\u00f3n de las v\u00edctimas, el componente de g\u00e9nero, y tambi\u00e9n el papel de defensores y defensoras de derechos humanos y l\u00edderes y lideresas sociales\", apunt\u00f3.\n   Por su parte, Rodrigo Londo\u00f1o, ex l\u00edder de la extinta guerrilla de las FARC y representante del partido pol\u00edtico Comunes que surgi\u00f3 resultado del acuerdo de Paz, asegur\u00f3 que los ex combatientes siguen firmemente comprometidos con aportar a la verdad, a la reparaci\u00f3n y a la reconciliaci\u00f3n necesaria para construir una paz verdadera en Colombia con el apoyo del mundo.\n   \"Su presencia aqu\u00ed representa que hemos avanzado y que \u00e9ste no es un proceso fallido; su presencia aqu\u00ed niega las afirmaciones de quienes no creen en este proceso (...) para nosotros, en lo personal, y para todos los firmantes y para todo el pueblo colombiano, su visita significa un aliciente en este quinto aniversario en el que podemos decir, estamos relanzando el proceso de paz\", indic\u00f3.\n   Londo\u00f1o agradeci\u00f3 especialmente el acompa\u00f1amiento y la confianza entregada por los garantes del proceso, Noruega y Cuba, que fueron fundamentales en el inicio para avanzar con los di\u00e1logos hasta llegar en 2016 a la firma del hist\u00f3rico acuerdo que buscaba poner fin a m\u00e1s de 50 a\u00f1os de conflicto armado en el pa\u00eds suramericano. <\/pre>\n\n\n\n<figure class=\"wp-block-image size-full\"><img loading=\"lazy\" decoding=\"async\" width=\"650\" height=\"422\" src=\"https:\/\/diariodominicano.com\/wp-content\/uploads\/2021\/11\/antonioGuterresyDuqueenColombia23-11-21.jpg\" alt=\"\" class=\"wp-image-310572\" srcset=\"https:\/\/diariodominicano.com\/wp-content\/uploads\/2021\/11\/antonioGuterresyDuqueenColombia23-11-21.jpg 650w, https:\/\/diariodominicano.com\/wp-content\/uploads\/2021\/11\/antonioGuterresyDuqueenColombia23-11-21-300x195.jpg 300w\" sizes=\"auto, (max-width: 650px) 100vw, 650px\" \/><\/figure>\n","protected":false},"excerpt":{"rendered":"<p>diariodominicano.com BOGOTA, 23 nov (Xinhua) &#8212; El secretario general de la Organizaci\u00f3n de las Naciones Unidas (ONU), Ant\u00f3nio Guterres, y miembros de la comunidad internacional acompa\u00f1aron hoy martes el quinto aniversario del Acuerdo de Paz firmado entre el Estado colombiano y la extinta guerrilla de las Fuerzas Armadas Revolucionarias de Colombia (FARC). El presidente colombiano, [&hellip;]<\/p>\n","protected":false},"author":5,"featured_media":310571,"comment_status":"closed","ping_status":"","sticky":true,"template":"","format":"standard","meta":{"footnotes":""},"categories":[23,27],"tags":[],"class_list":["post-310566","post","type-post","status-publish","format-standard","has-post-thumbnail","hentry","category-internacional","category-portada"],"_links":{"self":[{"href":"https:\/\/diariodominicano.com\/index.php?rest_route=\/wp\/v2\/posts\/310566","targetHints":{"allow":["GET"]}}],"collection":[{"href":"https:\/\/diariodominicano.com\/index.php?rest_route=\/wp\/v2\/posts"}],"about":[{"href":"https:\/\/diariodominicano.com\/index.php?rest_route=\/wp\/v2\/types\/post"}],"author":[{"embeddable":true,"href":"https:\/\/diariodominicano.com\/index.php?rest_route=\/wp\/v2\/users\/5"}],"replies":[{"embeddable":true,"href":"https:\/\/diariodominicano.com\/index.php?rest_route=%2Fwp%2Fv2%2Fcomments&post=310566"}],"version-history":[{"count":1,"href":"https:\/\/diariodominicano.com\/index.php?rest_route=\/wp\/v2\/posts\/310566\/revisions"}],"predecessor-version":[{"id":310573,"href":"https:\/\/diariodominicano.com\/index.php?rest_route=\/wp\/v2\/posts\/310566\/revisions\/310573"}],"wp:featuredmedia":[{"embeddable":true,"href":"https:\/\/diariodominicano.com\/index.php?rest_route=\/wp\/v2\/media\/310571"}],"wp:attachment":[{"href":"https:\/\/diariodominicano.com\/index.php?rest_route=%2Fwp%2Fv2%2Fmedia&parent=310566"}],"wp:term":[{"taxonomy":"category","embeddable":true,"href":"https:\/\/diariodominicano.com\/index.php?rest_route=%2Fwp%2Fv2%2Fcategories&post=310566"},{"taxonomy":"post_tag","embeddable":true,"href":"https:\/\/diariodominicano.com\/index.php?rest_route=%2Fwp%2Fv2%2Ftags&post=310566"}],"curies":[{"name":"wp","href":"https:\/\/api.w.org\/{rel}","templated":true}]}}