{"id":310498,"date":"2021-11-23T20:10:31","date_gmt":"2021-11-24T00:10:31","guid":{"rendered":"http:\/\/diariodominicano.com\/?p=310498"},"modified":"2021-11-23T20:10:31","modified_gmt":"2021-11-24T00:10:31","slug":"ministros-de-trabajo-de-republica-dominicana-y-espana-plantean-futuros-acuerdos-en-materia-laboral","status":"publish","type":"post","link":"https:\/\/diariodominicano.com\/?p=310498","title":{"rendered":"Ministros de Trabajo de Rep\u00fablica Dominicana y Espa\u00f1a plantean futuros acuerdos en materia laboral"},"content":{"rendered":"\n<p>diariodominicano.com<\/p>\n\n\n\n<p>Espa\u00f1a,  23 de  noviembre, 2021.- En el marco de su viaje oficial a Espa\u00f1a, el ministro de Trabajo de Rep\u00fablica Dominicana, Luis Miguel De Camps Garc\u00eda, y la ministra espa\u00f1ola de Trabajo y Econom\u00eda Social, Yolanda D\u00edaz P\u00e9rez, abordaron la posibilidad de futuros acuerdos entre ambos pa\u00edses, los cuales ser\u00e1n beneficiosos en materia laboral.<\/p>\n\n\n\n<p>De Camps Garc\u00eda y D\u00edaz P\u00e9rez, quien es segunda vicepresidenta del gobierno espa\u00f1ol, tambi\u00e9n plantearon la posibilidad en cuanto a trabajos conjuntos de cooperaci\u00f3n para el fortalecimiento de la inspecci\u00f3n laboral en Rep\u00fablica Dominicana y as\u00ed garantizar mejor los derechos de los trabajadores.<\/p>\n\n\n\n<p>El di\u00e1logo incluy\u00f3 temas de gran importancia en el \u00e1rea, como son el pacto social, an\u00e1lisis del mercado laboral y la reforma del C\u00f3digo de Trabajo, durante una reuni\u00f3n que calificaron como fruct\u00edfera.<\/p>\n\n\n\n<p>D\u00edaz P\u00e9rez felicit\u00f3 a De Camps por la labor y el liderazgo gerencial que desarrolla actualmente en el Ministerio de Trabajo dominicano, y le anim\u00f3 a que siga hacia adelante en su eficiente gesti\u00f3n.<\/p>\n\n\n\n<p>A su vez, De Camps coment\u00f3 a D\u00edaz P\u00e9rez que Rep\u00fablica Dominicana exhibe actualmente un notable proceso de recuperaci\u00f3n econ\u00f3mica con una reactivaci\u00f3n visible de los empleos, producto de la exitosa jornada nacional de vacunaci\u00f3n y el protocolo sanitario implementado por el gobierno del presidente Luis Abinader.<\/p>\n\n\n\n<p>Le inform\u00f3 que el pa\u00eds est\u00e1 en proceso de discutir la reforma del C\u00f3digo de Trabajo y la Ley de Seguridad Social, dos instrumentos fundamentales que norman el ejercicio laboral y la asistencia al trabajador de la naci\u00f3n.<\/p>\n\n\n\n<p>Ambos se mostraron satisfechos por el encuentro, que fortalece los lazos de amistad, cooperaci\u00f3n y colaboraci\u00f3n que mantienen Espa\u00f1a y Rep\u00fablica Dominicana.<\/p>\n\n\n\n<p>Durante su visita oficial a Espa\u00f1a, el ministro De Camps particip\u00f3 en la 45<sup>a&nbsp;<\/sup>Reuni\u00f3n de la Comisi\u00f3n T\u00e9cnica de la Organizaci\u00f3n Internacional del Trabajo (OIT), cuyo tema central fue la formaci\u00f3n para la recuperaci\u00f3n y transformaci\u00f3n productiva con trabajo decente.<\/p>\n\n\n\n<p>De Camps, tambi\u00e9n presidente de la Junta de Directores del Instituto Nacional de Formaci\u00f3n T\u00e9cnico Profesional (INFOTEP) expuso en el panel tripartito titulado \u201cBalance y reflexiones de la 45<sup>a<\/sup>&nbsp;Reuni\u00f3n de la Comisi\u00f3n T\u00e9cnica\u201d, donde hizo una reflexi\u00f3n sobre el ambiente laboral global, el proceso de empleabilidad y migraci\u00f3n.<\/p>\n\n\n\n<p>En ese evento fue escogida Rep\u00fablica Dominicana como sede de la Reuni\u00f3n 46<sup>a<\/sup>, que se llevar\u00e1 a cabo en noviembre del 2023.<\/p>\n\n\n\n<p>Fuente: Direcci\u00f3n de Estrategia y Comunicaci\u00f3n Gubernamental<\/p>\n\n\n\n<p>Ministerio Administrativo de la Presidencia de la Rep\u00fablica Dominicana<\/p>\n","protected":false},"excerpt":{"rendered":"<p>diariodominicano.com Espa\u00f1a, 23 de noviembre, 2021.- En el marco de su viaje oficial a Espa\u00f1a, el ministro de Trabajo de Rep\u00fablica Dominicana, Luis Miguel De Camps Garc\u00eda, y la ministra espa\u00f1ola de Trabajo y Econom\u00eda Social, Yolanda D\u00edaz P\u00e9rez, abordaron la posibilidad de futuros acuerdos entre ambos pa\u00edses, los cuales ser\u00e1n beneficiosos en materia laboral. [&hellip;]<\/p>\n","protected":false},"author":5,"featured_media":310542,"comment_status":"closed","ping_status":"","sticky":true,"template":"","format":"standard","meta":{"footnotes":""},"categories":[20,27],"tags":[],"class_list":["post-310498","post","type-post","status-publish","format-standard","has-post-thumbnail","hentry","category-dominicana-hoy","category-portada"],"_links":{"self":[{"href":"https:\/\/diariodominicano.com\/index.php?rest_route=\/wp\/v2\/posts\/310498","targetHints":{"allow":["GET"]}}],"collection":[{"href":"https:\/\/diariodominicano.com\/index.php?rest_route=\/wp\/v2\/posts"}],"about":[{"href":"https:\/\/diariodominicano.com\/index.php?rest_route=\/wp\/v2\/types\/post"}],"author":[{"embeddable":true,"href":"https:\/\/diariodominicano.com\/index.php?rest_route=\/wp\/v2\/users\/5"}],"replies":[{"embeddable":true,"href":"https:\/\/diariodominicano.com\/index.php?rest_route=%2Fwp%2Fv2%2Fcomments&post=310498"}],"version-history":[{"count":1,"href":"https:\/\/diariodominicano.com\/index.php?rest_route=\/wp\/v2\/posts\/310498\/revisions"}],"predecessor-version":[{"id":310543,"href":"https:\/\/diariodominicano.com\/index.php?rest_route=\/wp\/v2\/posts\/310498\/revisions\/310543"}],"wp:featuredmedia":[{"embeddable":true,"href":"https:\/\/diariodominicano.com\/index.php?rest_route=\/wp\/v2\/media\/310542"}],"wp:attachment":[{"href":"https:\/\/diariodominicano.com\/index.php?rest_route=%2Fwp%2Fv2%2Fmedia&parent=310498"}],"wp:term":[{"taxonomy":"category","embeddable":true,"href":"https:\/\/diariodominicano.com\/index.php?rest_route=%2Fwp%2Fv2%2Fcategories&post=310498"},{"taxonomy":"post_tag","embeddable":true,"href":"https:\/\/diariodominicano.com\/index.php?rest_route=%2Fwp%2Fv2%2Ftags&post=310498"}],"curies":[{"name":"wp","href":"https:\/\/api.w.org\/{rel}","templated":true}]}}