{"id":310489,"date":"2021-11-23T14:55:07","date_gmt":"2021-11-23T18:55:07","guid":{"rendered":"http:\/\/diariodominicano.com\/?p=310489"},"modified":"2021-11-23T14:55:07","modified_gmt":"2021-11-23T18:55:07","slug":"ejecutivo-y-legislativo-de-ecuador-interrumpen-actividades-tras-sismo-en-quito","status":"publish","type":"post","link":"https:\/\/diariodominicano.com\/?p=310489","title":{"rendered":"Ejecutivo y Legislativo de Ecuador interrumpen actividades tras sismo en Quito"},"content":{"rendered":"\n<p>diariodominicano.com<a rel=\"noreferrer noopener\" href=\"https:\/\/www.xinhua-news.com\/gdsdetailxhs\/share\/10640512-?pageflag=iframe\" target=\"_blank\"><\/a><\/p>\n\n\n\n<pre id=\"text-news-description\" class=\"wp-block-preformatted\">   QUITO, 23 nov (Xinhua) -- El gobierno y la Asamblea Nacional (Congreso) de Ecuador interrumpieron hoy martes moment\u00e1neamente sus actividades oficiales tras registrarse un sismo de magnitud 4,52 en Quito.\n   De acuerdo con reportes de la prensa local difundidos a trav\u00e9s de las redes sociales, el presidente ecuatoriano, Guillermo Lasso, fue evacuado junto a funcionarios y periodistas que se encontraban en uno de los salones del Palacio de Carondelet, sede del gobierno, para iniciar un acto oficial.\n   Lo mismo sucedi\u00f3 en el Congreso, donde seg\u00fan el diario local \"El Comercio\", se evacuaron los salones para poner a buen recaudo a autoridades y personal, as\u00ed como a medios de comunicaci\u00f3n que realizan coberturas diarias.\n   El Instituto Geof\u00edsico de Ecuador report\u00f3 v\u00eda Twitter que el sismo se produjo a las 11:03 hora local (16:03 GMT), a una profundidad de 4,31 kil\u00f3metros y a 13,45 kil\u00f3metros de Quito, en la parroquia rural de Tumbaco (este), sin que se reportaran  v\u00edctimas hasta el momento.\n   El movimiento tel\u00farico caus\u00f3 p\u00e1nico entre los ciudadanos de Quito y sus valles, ya que fue sentido con fuerza, lo cual provoc\u00f3 que muchos salieran a las calles.\n   Ciudadanos reportaron en redes sociales deslizamientos de tierra y algunos da\u00f1os materiales en viviendas y veh\u00edculos en la ciudad m\u00e1s poblada de Ecuador.\n   Sin embargo, la Secretar\u00eda Nacional de Gesti\u00f3n de Riesgos y Emergencias inform\u00f3 en un comunicado oficial que se eval\u00faa la situaci\u00f3n.\n   \"Las Unidades de Monitoreo y los organismos de respuesta se encuentran realizando un barrido de informaci\u00f3n correspondiente, a fin de conocer los efectos que se pudieren ocasionar por este sismo\", se\u00f1al\u00f3.\n   A\u00f1adi\u00f3 que esta informaci\u00f3n ser\u00e1 ampliada peri\u00f3dicamente, al tiempo que pidi\u00f3 a la ciudadan\u00eda mantenerse informada a trav\u00e9s de fuentes oficiales. <\/pre>\n\n\n\n<figure class=\"wp-block-image size-full\"><img loading=\"lazy\" decoding=\"async\" width=\"272\" height=\"360\" src=\"https:\/\/diariodominicano.com\/wp-content\/uploads\/2021\/11\/ecuadorDerrumbeMontanas23-11-21.jpg\" alt=\"\" class=\"wp-image-310493\" srcset=\"https:\/\/diariodominicano.com\/wp-content\/uploads\/2021\/11\/ecuadorDerrumbeMontanas23-11-21.jpg 272w, https:\/\/diariodominicano.com\/wp-content\/uploads\/2021\/11\/ecuadorDerrumbeMontanas23-11-21-227x300.jpg 227w\" sizes=\"auto, (max-width: 272px) 100vw, 272px\" \/><\/figure>\n","protected":false},"excerpt":{"rendered":"<p>diariodominicano.com QUITO, 23 nov (Xinhua) &#8212; El gobierno y la Asamblea Nacional (Congreso) de Ecuador interrumpieron hoy martes moment\u00e1neamente sus actividades oficiales tras registrarse un sismo de magnitud 4,52 en Quito. De acuerdo con reportes de la prensa local difundidos a trav\u00e9s de las redes sociales, el presidente ecuatoriano, Guillermo Lasso, fue evacuado junto a [&hellip;]<\/p>\n","protected":false},"author":5,"featured_media":310492,"comment_status":"closed","ping_status":"","sticky":true,"template":"","format":"standard","meta":{"footnotes":""},"categories":[23,27],"tags":[],"class_list":["post-310489","post","type-post","status-publish","format-standard","has-post-thumbnail","hentry","category-internacional","category-portada"],"_links":{"self":[{"href":"https:\/\/diariodominicano.com\/index.php?rest_route=\/wp\/v2\/posts\/310489","targetHints":{"allow":["GET"]}}],"collection":[{"href":"https:\/\/diariodominicano.com\/index.php?rest_route=\/wp\/v2\/posts"}],"about":[{"href":"https:\/\/diariodominicano.com\/index.php?rest_route=\/wp\/v2\/types\/post"}],"author":[{"embeddable":true,"href":"https:\/\/diariodominicano.com\/index.php?rest_route=\/wp\/v2\/users\/5"}],"replies":[{"embeddable":true,"href":"https:\/\/diariodominicano.com\/index.php?rest_route=%2Fwp%2Fv2%2Fcomments&post=310489"}],"version-history":[{"count":1,"href":"https:\/\/diariodominicano.com\/index.php?rest_route=\/wp\/v2\/posts\/310489\/revisions"}],"predecessor-version":[{"id":310494,"href":"https:\/\/diariodominicano.com\/index.php?rest_route=\/wp\/v2\/posts\/310489\/revisions\/310494"}],"wp:featuredmedia":[{"embeddable":true,"href":"https:\/\/diariodominicano.com\/index.php?rest_route=\/wp\/v2\/media\/310492"}],"wp:attachment":[{"href":"https:\/\/diariodominicano.com\/index.php?rest_route=%2Fwp%2Fv2%2Fmedia&parent=310489"}],"wp:term":[{"taxonomy":"category","embeddable":true,"href":"https:\/\/diariodominicano.com\/index.php?rest_route=%2Fwp%2Fv2%2Fcategories&post=310489"},{"taxonomy":"post_tag","embeddable":true,"href":"https:\/\/diariodominicano.com\/index.php?rest_route=%2Fwp%2Fv2%2Ftags&post=310489"}],"curies":[{"name":"wp","href":"https:\/\/api.w.org\/{rel}","templated":true}]}}