{"id":310484,"date":"2021-11-23T14:41:06","date_gmt":"2021-11-23T18:41:06","guid":{"rendered":"http:\/\/diariodominicano.com\/?p=310484"},"modified":"2021-11-23T14:41:06","modified_gmt":"2021-11-23T18:41:06","slug":"prodominicana-realizara-ii-encuentro-nacional-de-mujeres-en-exportacion-con-exhibicion-de-productos","status":"publish","type":"post","link":"https:\/\/diariodominicano.com\/?p=310484","title":{"rendered":"ProDominicana realizar\u00e1 II encuentro Nacional de Mujeres en Exportaci\u00f3n con exhibici\u00f3n de productos"},"content":{"rendered":"\n<p>diariodominicano.com<\/p>\n\n\n\n<p><strong>Santo Domingo<\/strong>, R. D.,  23 de noviembre, 2021.-\u00a0El Centro de Exportaci\u00f3n e Inversi\u00f3n de la Rep\u00fablica Dominicana (ProDominicana) realizar\u00e1 este mi\u00e9rcoles 24 de noviembre la II edici\u00f3n del Encuentro Nacional de Mujeres en Exportaci\u00f3n a las 9:30 a. m. La actividad tendr\u00e1 efecto en las instalaciones de ProDominicana y contar\u00e1 con la presencia de la vicepresidenta Raquel Pe\u00f1a.<\/p>\n\n\n\n<p>La primera parte del evento contar\u00e1 con la presentaci\u00f3n del estudio Mujeres en Exportaci\u00f3n: Hacia la Resiliencia Exportadora, adem\u00e1s del reconocimiento a mujeres que se est\u00e1n destacando en el \u00e1mbito de internacional, como son el Liderazgo exportador, alto grado de internacionalizaci\u00f3n y desempe\u00f1o de pyme exportadora.<\/p>\n\n\n\n<p>En la celebraci\u00f3n del Encuentro Nacional de Mujeres en Exportaci\u00f3n se realizar\u00e1 una exhibici\u00f3n y comercializaci\u00f3n abierta al p\u00fablico de 11:00 a. m. a 6:00 p. m., en la cual participar\u00e1n m\u00e1s de 23 empresas de mujeres de distintos sectores: belleza y cosm\u00e9ticos, productos agroindustriales, joyer\u00eda y bisuter\u00eda, ropa, mobiliario, artesan\u00eda, cacao, productos de beb\u00e9, moda, productos comestibles y congelados. Asimismo, se realizar\u00e1n experiencias en vivo, degustaciones de Only Water y Vin\u00edcola del Norte, entre otros. Las empresas exportadoras estar\u00e1n participando de rondas de negocios con compradores internacionales coordinadas por el equipo de exportaci\u00f3n de ProDominicana.<\/p>\n\n\n\n<p>Este encuentro cuenta con el respaldo de Inicia y el Voluntariado Banreservas junto a INFOTEP, BANDEX, Revista Mercado, Peri\u00f3dico el Dinero, entre otros.<\/p>\n\n\n\n<p>Fuente: Direcci\u00f3n de Estrategia y Comunicaci\u00f3n Gubernamental<\/p>\n\n\n\n<p>Ministerio Administrativo de la Presidencia de la Rep\u00fablica Dominicana<\/p>\n","protected":false},"excerpt":{"rendered":"<p>diariodominicano.com Santo Domingo, R. D., 23 de noviembre, 2021.-\u00a0El Centro de Exportaci\u00f3n e Inversi\u00f3n de la Rep\u00fablica Dominicana (ProDominicana) realizar\u00e1 este mi\u00e9rcoles 24 de noviembre la II edici\u00f3n del Encuentro Nacional de Mujeres en Exportaci\u00f3n a las 9:30 a. m. La actividad tendr\u00e1 efecto en las instalaciones de ProDominicana y contar\u00e1 con la presencia de [&hellip;]<\/p>\n","protected":false},"author":5,"featured_media":310487,"comment_status":"closed","ping_status":"","sticky":true,"template":"","format":"standard","meta":{"footnotes":""},"categories":[20,27],"tags":[],"class_list":["post-310484","post","type-post","status-publish","format-standard","has-post-thumbnail","hentry","category-dominicana-hoy","category-portada"],"_links":{"self":[{"href":"https:\/\/diariodominicano.com\/index.php?rest_route=\/wp\/v2\/posts\/310484","targetHints":{"allow":["GET"]}}],"collection":[{"href":"https:\/\/diariodominicano.com\/index.php?rest_route=\/wp\/v2\/posts"}],"about":[{"href":"https:\/\/diariodominicano.com\/index.php?rest_route=\/wp\/v2\/types\/post"}],"author":[{"embeddable":true,"href":"https:\/\/diariodominicano.com\/index.php?rest_route=\/wp\/v2\/users\/5"}],"replies":[{"embeddable":true,"href":"https:\/\/diariodominicano.com\/index.php?rest_route=%2Fwp%2Fv2%2Fcomments&post=310484"}],"version-history":[{"count":1,"href":"https:\/\/diariodominicano.com\/index.php?rest_route=\/wp\/v2\/posts\/310484\/revisions"}],"predecessor-version":[{"id":310488,"href":"https:\/\/diariodominicano.com\/index.php?rest_route=\/wp\/v2\/posts\/310484\/revisions\/310488"}],"wp:featuredmedia":[{"embeddable":true,"href":"https:\/\/diariodominicano.com\/index.php?rest_route=\/wp\/v2\/media\/310487"}],"wp:attachment":[{"href":"https:\/\/diariodominicano.com\/index.php?rest_route=%2Fwp%2Fv2%2Fmedia&parent=310484"}],"wp:term":[{"taxonomy":"category","embeddable":true,"href":"https:\/\/diariodominicano.com\/index.php?rest_route=%2Fwp%2Fv2%2Fcategories&post=310484"},{"taxonomy":"post_tag","embeddable":true,"href":"https:\/\/diariodominicano.com\/index.php?rest_route=%2Fwp%2Fv2%2Ftags&post=310484"}],"curies":[{"name":"wp","href":"https:\/\/api.w.org\/{rel}","templated":true}]}}