{"id":310460,"date":"2021-11-23T14:17:24","date_gmt":"2021-11-23T18:17:24","guid":{"rendered":"http:\/\/diariodominicano.com\/?p=310460"},"modified":"2021-11-23T14:17:24","modified_gmt":"2021-11-23T18:17:24","slug":"el-gobierno-dominicano-anuncia-iniciativas-en-favor-de-mineros-y-artesanos-de-larimar","status":"publish","type":"post","link":"https:\/\/diariodominicano.com\/?p=310460","title":{"rendered":"El Gobierno dominicano anuncia iniciativas en favor de mineros y artesanos de larimar"},"content":{"rendered":"\n<p>diariodominicano.com<\/p>\n\n\n\n<p>Bahoruco,  R. D.,  23 de noviembre, 2021.-  El Gobierno dominicano, a trav\u00e9s del ministro de Energ\u00eda y Minas, ingeniero Antonio Almonte, anunci\u00f3 una serie de iniciativas en favor de los mineros y artesanos del sur, durante el acto de celebraci\u00f3n del D\u00eda Internacional del Larimar, gema semipreciosa declarada piedra nacional de la Rep\u00fablica Dominicana.<\/p>\n\n\n\n<p>Esta piedra se extrae de minas ubicadas en la loma Las Filipinas en el distrito municipal Bahoruco, provincia de Barahona.<\/p>\n\n\n\n<p>En el acto de conmemoraci\u00f3n, el ministro Antonio Almonte destac\u00f3 que, entre las iniciativas del Gobierno dominicano para apoyar la miner\u00eda que se realiza en Las Filipinas, est\u00e1 el inicio de la carretera que comunicar\u00e1 esa comunidad con el municipio de Bahoruco.<\/p>\n\n\n\n<p>\u00abHemos estado trabajando con el Ministerio de Obras P\u00fablicas para esta carretera\u201d, se\u00f1al\u00f3 Almonte al referirse a uno de los reclamos reiterados por los mineros. \u201cEs una carretera que ya est\u00e1 presupuestada, y no solo beneficiar\u00e1 todo lo relativo al larimar, sino que va a servir para esa comunidad\u00bb, agreg\u00f3.<\/p>\n\n\n\n<p>El funcionario resalt\u00f3 que, en coordinaci\u00f3n con el Servicio Nacional de Salud, establecer\u00e1n un dispensario m\u00e9dico en Las Filipinas para brindar asistencia m\u00e9dica inmediata en el lugar.<\/p>\n\n\n\n<p>Igualmente, inform\u00f3 que solicitaron a la Direcci\u00f3n Nacional de Aduanas la creaci\u00f3n de un c\u00f3digo arancelario para facilitar la salida del larimar y sus clasificaciones hacia otros pa\u00edses. \u00bbEsto permitir\u00e1 reabrir las exportaciones de larimar, que tambi\u00e9n es otra petici\u00f3n de los mineros\u00bb, dijo.<\/p>\n\n\n\n<p>Revel\u00f3, asimismo, que como parte de las iniciativas del presidente Luis Abinader, promover\u00e1n la confirmaci\u00f3n del cl\u00faster de exportaci\u00f3n de la miner\u00eda artesanal.<\/p>\n\n\n\n<p>El ministro Almonte recalc\u00f3 que el Gobierno dominicano est\u00e1 comprometido con la miner\u00eda que respete el medio ambiente. Por ello, ha iniciado conversaciones con los emprendedores de este sector, a fin de buscar f\u00f3rmulas que aumenten la producci\u00f3n, principalmente del Larimar, que es un emblema nacional.<\/p>\n\n\n\n<p>La Ley 18-17 instituye el 22 de noviembre como D\u00eda Nacional del Larimar. Ese ic\u00f3nica acci\u00f3n fue celebrada con diversas actividades en la escuela-taller de Larimar de Bahoruco y en el recinto Barahona de la Universidad Aut\u00f3noma de Santo Domingo, con el apoyo de varias instituciones estatales y representantes de los mineros y artesanos de la zona.<\/p>\n\n\n\n<p>Las actividades, encabezadas por el ministro Antonio Almonte y el viceministro de Minas, Miguel D\u00edaz, incluyeron un bazar, un panel con mineros y artesanos, charlas, reconocimientos y actividades culturales relacionadas con la piedra semipreciosa.<\/p>\n\n\n\n<p>Al tomar las palabras el viceministro de Minas, Miguel D\u00edaz, afirm\u00f3 que este evento sirve para destacar la importancia del larimar en la cultura dominicana, al ser el \u00fanico pa\u00eds que produce esta piedra preciosa.<\/p>\n\n\n\n<p>\u00abEste evento es un reconocimiento a todas las personas que se dedican a las actividades mineras de larimar, dando a conocer esta piedra a nivel internacional\u00bb, destac\u00f3 Diaz.<\/p>\n\n\n\n<p>En la actividad, la directora del Instituto Postal Dominicano (INPOSDOM), Katiuska del Carmen B\u00e1ez, acompa\u00f1ada de las autoridades del MEM, puso en circulaci\u00f3n un sello postal alusivo al larimar, gema exclusiva de Rep\u00fablica Dominicana que s\u00f3lo se extrae en la zona de Bahoruco.<\/p>\n\n\n\n<p>Tuvieron participaci\u00f3n en el acto, Miguel Pe\u00f1a, asesor en Miner\u00eda del Poder Ejecutivo y director de Remediaci\u00f3n Ambiental, junto al Director General de Miner\u00eda, Rolando Mu\u00f1oz.<\/p>\n\n\n\n<p>Adem\u00e1s, del Ministerio de Energ\u00eda y Minas y la Direcci\u00f3n de Miner\u00eda, la celebraci\u00f3n del D\u00eda Nacional del Larimar cont\u00f3 con el apoyo de los ministerios de Medio Ambiente, Turismo, Cultura, Industria y Comercio, ProDominicana, Infotep, Promipyme, la Comisi\u00f3n Nacional de Competitividad, Sup\u00e9rate y Fodearte.<\/p>\n\n\n\n<p>La parte minera estuvo representada por Enoc G\u00f3mez, presidente de la Cooperativa Larimar de Bahoruco, y Juan Troncoso F\u00e9liz, presidente de la Cooperativa Minera Las Filipinas, entre otros.<\/p>\n\n\n\n<p>Fuente: Direcci\u00f3n de Estrategia y Comunicaci\u00f3n Gubernamental<\/p>\n\n\n\n<p>Ministerio Administrativo de la Presidencia de la Rep\u00fablica Dominicana<\/p>\n","protected":false},"excerpt":{"rendered":"<p>diariodominicano.com Bahoruco, R. D., 23 de noviembre, 2021.- El Gobierno dominicano, a trav\u00e9s del ministro de Energ\u00eda y Minas, ingeniero Antonio Almonte, anunci\u00f3 una serie de iniciativas en favor de los mineros y artesanos del sur, durante el acto de celebraci\u00f3n del D\u00eda Internacional del Larimar, gema semipreciosa declarada piedra nacional de la Rep\u00fablica Dominicana. [&hellip;]<\/p>\n","protected":false},"author":5,"featured_media":310469,"comment_status":"closed","ping_status":"","sticky":true,"template":"","format":"standard","meta":{"footnotes":""},"categories":[20,27],"tags":[],"class_list":["post-310460","post","type-post","status-publish","format-standard","has-post-thumbnail","hentry","category-dominicana-hoy","category-portada"],"_links":{"self":[{"href":"https:\/\/diariodominicano.com\/index.php?rest_route=\/wp\/v2\/posts\/310460","targetHints":{"allow":["GET"]}}],"collection":[{"href":"https:\/\/diariodominicano.com\/index.php?rest_route=\/wp\/v2\/posts"}],"about":[{"href":"https:\/\/diariodominicano.com\/index.php?rest_route=\/wp\/v2\/types\/post"}],"author":[{"embeddable":true,"href":"https:\/\/diariodominicano.com\/index.php?rest_route=\/wp\/v2\/users\/5"}],"replies":[{"embeddable":true,"href":"https:\/\/diariodominicano.com\/index.php?rest_route=%2Fwp%2Fv2%2Fcomments&post=310460"}],"version-history":[{"count":1,"href":"https:\/\/diariodominicano.com\/index.php?rest_route=\/wp\/v2\/posts\/310460\/revisions"}],"predecessor-version":[{"id":310470,"href":"https:\/\/diariodominicano.com\/index.php?rest_route=\/wp\/v2\/posts\/310460\/revisions\/310470"}],"wp:featuredmedia":[{"embeddable":true,"href":"https:\/\/diariodominicano.com\/index.php?rest_route=\/wp\/v2\/media\/310469"}],"wp:attachment":[{"href":"https:\/\/diariodominicano.com\/index.php?rest_route=%2Fwp%2Fv2%2Fmedia&parent=310460"}],"wp:term":[{"taxonomy":"category","embeddable":true,"href":"https:\/\/diariodominicano.com\/index.php?rest_route=%2Fwp%2Fv2%2Fcategories&post=310460"},{"taxonomy":"post_tag","embeddable":true,"href":"https:\/\/diariodominicano.com\/index.php?rest_route=%2Fwp%2Fv2%2Ftags&post=310460"}],"curies":[{"name":"wp","href":"https:\/\/api.w.org\/{rel}","templated":true}]}}