{"id":310454,"date":"2021-11-23T13:57:34","date_gmt":"2021-11-23T17:57:34","guid":{"rendered":"http:\/\/diariodominicano.com\/?p=310454"},"modified":"2021-11-23T13:58:16","modified_gmt":"2021-11-23T17:58:16","slug":"presidente-de-la-republica-exalta-rol-de-los-militares-en-la-defensa-y-seguridad-de-la-nacion","status":"publish","type":"post","link":"https:\/\/diariodominicano.com\/?p=310454","title":{"rendered":"Presidente de la Rep\u00fablica exalta rol de los militares en la defensa y seguridad de la Naci\u00f3n"},"content":{"rendered":"\n<p>diariodominicano.com<\/p>\n\n\n\n<p><strong>El reconocimiento lo hace en actos del Cuerpo de Seguridad Presidencial (CUSEP)<\/strong><\/p>\n\n\n\n<p>Santo Domingo, R. D.,  23 de noviembre, 2021.- El Presidente de la Rep\u00fablica Luis Rodolfo Abinader Corona, Autoridad Suprema de las Fuerzas Armadas y la Polic\u00eda Nacional, manifest\u00f3 el orgullo que siente de los miembros de las Fuerzas Armadas, en su misi\u00f3n constitucional de defensa y seguridad del pa\u00eds.<\/p>\n\n\n\n<p>\u201cEl pueblo dominicano debe sentirse orgulloso de las Fuerzas Armadas, el Ej\u00e9rcito, la Armada, la Fuerza A\u00e9rea y de los cuerpos especializados de seguridad, que est\u00e1n cumpliendo con su labor al servicio del pa\u00eds\u201d, expres\u00f3 el primer mandatario, al asistir junto a la Vicepresidenta de la Rep\u00fablica, Raquel Pe\u00f1a al acto de inauguraci\u00f3n de nuevas instalaciones y entrega de obras remozadas, en los talleres del CUSEP.<\/p>\n\n\n\n<p>De igual manera, el Presidente Abinader Corona valor\u00f3 el trabajo que desempe\u00f1an los militares por tierra, mar y aire, especialmente en las provincias fronterizas, donde los miembros de las Fuerzas Armadas garantizan la integridad territorial, lo cual le llena de orgullo seg\u00fan expres\u00f3 p\u00fablicamente.<\/p>\n\n\n\n<p>Durante la actividad, el director del CUSEP, General de Brigada Cel\u00edn Rubio Terrero, adem\u00e1s entregar las nuevas obras, rindi\u00f3 un informe de gesti\u00f3n y encendi\u00f3 el tradicional \u00e1rbol de Navidad de la instituci\u00f3n.<\/p>\n\n\n\n<p>Al inicio de los actos, el Presidente fue recibido con honores militares por parte del Batall\u00f3n del Primer Regimiento Dominicano Guardia Presidencial, comandado por el General de Brigada Guillermo Caro Cruz, ERD. Tambi\u00e9n anunci\u00f3 la entrega de proyectos de viviendas a trav\u00e9s del programa \u201cFamilia Feliz\u201d, para garantizar su adquisici\u00f3n a todos los miembros del CUSEP, de las FF.AA., y la Polic\u00eda.<\/p>\n\n\n\n<p>Durante la actividad, se hizo entrega del libro de memorias correspondiente al primer a\u00f1o de gesti\u00f3n del CUSEP. De igual forma, por primera vez y de forma oficial, fue entonado el himno de este Cuerpo, interpretado por su coro, autor\u00eda del Coronel Nicol\u00e1s Rodr\u00edguez Ram\u00edrez del Ej\u00e9rcito y m\u00fasica del maestro Manuel Tejada.<\/p>\n\n\n\n<p>Fuente:  <strong><em>Departamento de Prensa<\/em><\/strong><\/p>\n\n\n\n<p><em><strong>Direcci\u00f3n de Asuntos Civiles del Estado Mayor Conjunto, J5<\/strong><\/em><\/p>\n\n\n\n<p><em><strong>Ministerio de Defensa de Rep\u00fablica Dominicana<\/strong><\/em><\/p>\n\n\n\n<p><\/p>\n\n\n\n<p><\/p>\n","protected":false},"excerpt":{"rendered":"<p>diariodominicano.com El reconocimiento lo hace en actos del Cuerpo de Seguridad Presidencial (CUSEP) Santo Domingo, R. D., 23 de noviembre, 2021.- El Presidente de la Rep\u00fablica Luis Rodolfo Abinader Corona, Autoridad Suprema de las Fuerzas Armadas y la Polic\u00eda Nacional, manifest\u00f3 el orgullo que siente de los miembros de las Fuerzas Armadas, en su misi\u00f3n [&hellip;]<\/p>\n","protected":false},"author":5,"featured_media":310458,"comment_status":"closed","ping_status":"","sticky":true,"template":"","format":"standard","meta":{"footnotes":""},"categories":[20,27],"tags":[],"class_list":["post-310454","post","type-post","status-publish","format-standard","has-post-thumbnail","hentry","category-dominicana-hoy","category-portada"],"_links":{"self":[{"href":"https:\/\/diariodominicano.com\/index.php?rest_route=\/wp\/v2\/posts\/310454","targetHints":{"allow":["GET"]}}],"collection":[{"href":"https:\/\/diariodominicano.com\/index.php?rest_route=\/wp\/v2\/posts"}],"about":[{"href":"https:\/\/diariodominicano.com\/index.php?rest_route=\/wp\/v2\/types\/post"}],"author":[{"embeddable":true,"href":"https:\/\/diariodominicano.com\/index.php?rest_route=\/wp\/v2\/users\/5"}],"replies":[{"embeddable":true,"href":"https:\/\/diariodominicano.com\/index.php?rest_route=%2Fwp%2Fv2%2Fcomments&post=310454"}],"version-history":[{"count":3,"href":"https:\/\/diariodominicano.com\/index.php?rest_route=\/wp\/v2\/posts\/310454\/revisions"}],"predecessor-version":[{"id":310459,"href":"https:\/\/diariodominicano.com\/index.php?rest_route=\/wp\/v2\/posts\/310454\/revisions\/310459"}],"wp:featuredmedia":[{"embeddable":true,"href":"https:\/\/diariodominicano.com\/index.php?rest_route=\/wp\/v2\/media\/310458"}],"wp:attachment":[{"href":"https:\/\/diariodominicano.com\/index.php?rest_route=%2Fwp%2Fv2%2Fmedia&parent=310454"}],"wp:term":[{"taxonomy":"category","embeddable":true,"href":"https:\/\/diariodominicano.com\/index.php?rest_route=%2Fwp%2Fv2%2Fcategories&post=310454"},{"taxonomy":"post_tag","embeddable":true,"href":"https:\/\/diariodominicano.com\/index.php?rest_route=%2Fwp%2Fv2%2Ftags&post=310454"}],"curies":[{"name":"wp","href":"https:\/\/api.w.org\/{rel}","templated":true}]}}