{"id":310451,"date":"2021-11-23T13:53:30","date_gmt":"2021-11-23T17:53:30","guid":{"rendered":"http:\/\/diariodominicano.com\/?p=310451"},"modified":"2021-11-23T13:53:30","modified_gmt":"2021-11-23T17:53:30","slug":"china-insta-a-eeuu-a-salvaguardar-mejor-intereses-de-grupos-minoritarios","status":"publish","type":"post","link":"https:\/\/diariodominicano.com\/?p=310451","title":{"rendered":"China insta a EEUU a salvaguardar mejor intereses de grupos minoritarios"},"content":{"rendered":"\n<p>diariodominicano.com<a rel=\"noreferrer noopener\" href=\"https:\/\/www.xinhua-news.com\/gdsdetailxhs\/share\/10640442-?pageflag=iframe\" target=\"_blank\"><\/a><\/p>\n\n\n\n<pre id=\"text-news-description\" class=\"wp-block-preformatted\">   BEIJING, 23 nov (Xinhua) -- Un portavoz del Ministerio de Relaciones Exteriores de China dijo hoy martes que Estados Unidos debe tomar medidas responsables para resolver el problema de discriminaci\u00f3n racial con el fin de salvaguardar y garantizar los derechos e intereses leg\u00edtimos de sus grupos minoritarios, incluida la comunidad china en el pa\u00eds.\n   El portavoz Zhao Lijian hizo las declaraciones en una conferencia de prensa cuando se le pidi\u00f3 que comentara sobre los recientes incidentes recurrentes contra personas de ascendencia china en Estados Unidos.\n   Zhao dijo que la comunidad china ha hecho importantes contribuciones al desarrollo socioecon\u00f3mico de Estados Unidos.\n   \"Sin embargo, es una verg\u00fcenza que la discriminaci\u00f3n contra personas de ascendencia china no se haya rectificado con el progreso socioecon\u00f3mico, sino que se ha convertido en un persistente tumor que aflige a la sociedad estadounidense\", afirm\u00f3, y a\u00f1adi\u00f3 que esto es atribuible al amplio alcance de la campa\u00f1a generalizada de las fuerzas anti-China para propagar desinformaci\u00f3n y as\u00ed difamar y atacar a China.\n   Al indicar que un pu\u00f1ado de pol\u00edticos estadounidenses intentan diseminar narrativas que estigmatizan a China para desviar su propia responsabilidad por la fallida respuesta en el pa\u00eds en medio de la pandemia de COVID-19, Zhao dijo que esto ha apoyado e incitado el aumento de cr\u00edmenes de odio contra personas de ascendencia china y asi\u00e1tica.\n   \"Existe una dolorosa lecci\u00f3n que aprender de esto para garantizar que los errores del pasado nunca se repitan\", agreg\u00f3 el portavoz.\n   Los casos recientes que involucran v\u00edctimas de nacionalidad o ascendencia china en Estados Unidos han provocado consternaci\u00f3n e indignaci\u00f3n p\u00fablicas en ambos pa\u00edses, indic\u00f3.\n   \"El Gobierno de Estados Unidos debe prestar atenci\u00f3n al llamado de personas visionarias a favor de la justicia en el pa\u00eds y en el extranjero y tomar medidas responsables para resolver el problema de discriminaci\u00f3n racial con el fin de salvaguardar y garantizar los derechos e intereses leg\u00edtimos de grupos minoritarios, incluida la comunidad china, en Estados Unidos\", dijo Zhao.<\/pre>\n","protected":false},"excerpt":{"rendered":"<p>diariodominicano.com BEIJING, 23 nov (Xinhua) &#8212; Un portavoz del Ministerio de Relaciones Exteriores de China dijo hoy martes que Estados Unidos debe tomar medidas responsables para resolver el problema de discriminaci\u00f3n racial con el fin de salvaguardar y garantizar los derechos e intereses leg\u00edtimos de sus grupos minoritarios, incluida la comunidad china en el pa\u00eds. [&hellip;]<\/p>\n","protected":false},"author":5,"featured_media":310452,"comment_status":"closed","ping_status":"","sticky":true,"template":"","format":"standard","meta":{"footnotes":""},"categories":[23,27],"tags":[],"class_list":["post-310451","post","type-post","status-publish","format-standard","has-post-thumbnail","hentry","category-internacional","category-portada"],"_links":{"self":[{"href":"https:\/\/diariodominicano.com\/index.php?rest_route=\/wp\/v2\/posts\/310451","targetHints":{"allow":["GET"]}}],"collection":[{"href":"https:\/\/diariodominicano.com\/index.php?rest_route=\/wp\/v2\/posts"}],"about":[{"href":"https:\/\/diariodominicano.com\/index.php?rest_route=\/wp\/v2\/types\/post"}],"author":[{"embeddable":true,"href":"https:\/\/diariodominicano.com\/index.php?rest_route=\/wp\/v2\/users\/5"}],"replies":[{"embeddable":true,"href":"https:\/\/diariodominicano.com\/index.php?rest_route=%2Fwp%2Fv2%2Fcomments&post=310451"}],"version-history":[{"count":1,"href":"https:\/\/diariodominicano.com\/index.php?rest_route=\/wp\/v2\/posts\/310451\/revisions"}],"predecessor-version":[{"id":310453,"href":"https:\/\/diariodominicano.com\/index.php?rest_route=\/wp\/v2\/posts\/310451\/revisions\/310453"}],"wp:featuredmedia":[{"embeddable":true,"href":"https:\/\/diariodominicano.com\/index.php?rest_route=\/wp\/v2\/media\/310452"}],"wp:attachment":[{"href":"https:\/\/diariodominicano.com\/index.php?rest_route=%2Fwp%2Fv2%2Fmedia&parent=310451"}],"wp:term":[{"taxonomy":"category","embeddable":true,"href":"https:\/\/diariodominicano.com\/index.php?rest_route=%2Fwp%2Fv2%2Fcategories&post=310451"},{"taxonomy":"post_tag","embeddable":true,"href":"https:\/\/diariodominicano.com\/index.php?rest_route=%2Fwp%2Fv2%2Ftags&post=310451"}],"curies":[{"name":"wp","href":"https:\/\/api.w.org\/{rel}","templated":true}]}}